{"id":17306,"date":"2018-11-22T11:00:38","date_gmt":"2018-11-22T16:00:38","guid":{"rendered":"http:\/\/www.ecuadoraldia.com.ec\/?p=17306"},"modified":"2018-11-22T14:06:59","modified_gmt":"2018-11-22T19:06:59","slug":"siete-pasajeros-de-un-bus-fallecieron-al-chocar-con-un-tracto-camion-en-los-rios","status":"publish","type":"post","link":"https:\/\/www.ecuadoraldia.com.ec\/?p=17306","title":{"rendered":"Siete pasajeros de un bus fallecieron al chocar con un tracto cami\u00f3n en Los R\u00edos"},"content":{"rendered":"<p><a href=\"http:\/\/www.ecuadoraldia.com.ec\/wp-content\/uploads\/2018\/11\/bus-qv.jpg\"><img loading=\"lazy\" decoding=\"async\" class=\"alignleft size-medium wp-image-17307\" src=\"http:\/\/www.ecuadoraldia.com.ec\/wp-content\/uploads\/2018\/11\/bus-qv-300x190.jpg\" alt=\"\" width=\"300\" height=\"190\" srcset=\"https:\/\/www.ecuadoraldia.com.ec\/wp-content\/uploads\/2018\/11\/bus-qv-300x190.jpg 300w, https:\/\/www.ecuadoraldia.com.ec\/wp-content\/uploads\/2018\/11\/bus-qv.jpg 641w\" sizes=\"(max-width: 300px) 100vw, 300px\" \/><\/a><\/p>\n<p>Patricia Pilar, Buena F\u00e9. 22 de noviembre de 2018. Un accidente de tr\u00e1nsito se registr\u00f3 cerca de las 03:30 de este jueves 22 de noviembre, en el km 42 de la carretera Buena F\u00e9 Patricia Pilar, en la provincia de Los R\u00edos.<\/p>\n<p>Un bus de transporte interprovincial de la cooperativa Aerotaxi, que cubr\u00eda la ruta Guayaquil Santo Domingo- Esmeraldas, con pasajeros a bordo, se impact\u00f3 con un tr\u00e1iler.<\/p>\n<p>Tras la colisi\u00f3n, la unidad se incendi\u00f3. Cinco pasajeros y el chofer del bus Aerotaxi disco 38 murieron calcinados, as\u00ed como el conductor del tr\u00e1iler.<\/p>\n<p>Dos de los fallecidos son menores de edad, seg\u00fan reportes del ECU911 Los R\u00edos y la Comisi\u00f3n de Tr\u00e1nsito del Ecuador (CTE).<\/p>\n<p>Los automotores involucrados, seg\u00fan el reporte, son un tr\u00e1iler, un cami\u00f3n y un bus, perteneciente a la cooperativa Aerotaxi disco 38.<\/p>\n<p>La unidad de transporte de pasajeros se incendi\u00f3 con algunos personas dentro. Los heridos fueron trasladados a algunas casas de salud, como el hospital Sagrado Coraz\u00f3n de Jes\u00fas de Quevedo.<\/p>\n<p>Los cad\u00e1veres fueron llevados a la morgue de esa ciudad, a la espera de ser identificados por sus familiares.<\/p>\n<p>La v\u00eda Buena Fe- Patricia Pilar, a las altura del kil\u00f3metro 42 permaneci\u00f3 cerrada desde las 03:37, en que se suscit\u00f3 el accidente, hasta las 09:45 en que fue reabierta y el tr\u00e1fico empez\u00f3 a normalizarse paulatinamente. (I)<\/p>\n","protected":false},"excerpt":{"rendered":"<p>Patricia Pilar, Buena F\u00e9. 22 de noviembre de 2018. Un accidente de tr\u00e1nsito se registr\u00f3 cerca de las 03:30 de<\/p>\n","protected":false},"author":1,"featured_media":17307,"comment_status":"closed","ping_status":"closed","sticky":false,"template":"","format":"standard","meta":{"footnotes":""},"categories":[20],"tags":[],"_links":{"self":[{"href":"https:\/\/www.ecuadoraldia.com.ec\/index.php?rest_route=\/wp\/v2\/posts\/17306"}],"collection":[{"href":"https:\/\/www.ecuadoraldia.com.ec\/index.php?rest_route=\/wp\/v2\/posts"}],"about":[{"href":"https:\/\/www.ecuadoraldia.com.ec\/index.php?rest_route=\/wp\/v2\/types\/post"}],"author":[{"embeddable":true,"href":"https:\/\/www.ecuadoraldia.com.ec\/index.php?rest_route=\/wp\/v2\/users\/1"}],"replies":[{"embeddable":true,"href":"https:\/\/www.ecuadoraldia.com.ec\/index.php?rest_route=%2Fwp%2Fv2%2Fcomments&post=17306"}],"version-history":[{"count":3,"href":"https:\/\/www.ecuadoraldia.com.ec\/index.php?rest_route=\/wp\/v2\/posts\/17306\/revisions"}],"predecessor-version":[{"id":17310,"href":"https:\/\/www.ecuadoraldia.com.ec\/index.php?rest_route=\/wp\/v2\/posts\/17306\/revisions\/17310"}],"wp:featuredmedia":[{"embeddable":true,"href":"https:\/\/www.ecuadoraldia.com.ec\/index.php?rest_route=\/wp\/v2\/media\/17307"}],"wp:attachment":[{"href":"https:\/\/www.ecuadoraldia.com.ec\/index.php?rest_route=%2Fwp%2Fv2%2Fmedia&parent=17306"}],"wp:term":[{"taxonomy":"category","embeddable":true,"href":"https:\/\/www.ecuadoraldia.com.ec\/index.php?rest_route=%2Fwp%2Fv2%2Fcategories&post=17306"},{"taxonomy":"post_tag","embeddable":true,"href":"https:\/\/www.ecuadoraldia.com.ec\/index.php?rest_route=%2Fwp%2Fv2%2Ftags&post=17306"}],"curies":[{"name":"wp","href":"https:\/\/api.w.org\/{rel}","templated":true}]}}