{"id":17350,"date":"2018-12-06T11:41:41","date_gmt":"2018-12-06T16:41:41","guid":{"rendered":"http:\/\/www.ecuadoraldia.com.ec\/?p=17350"},"modified":"2018-12-06T11:41:41","modified_gmt":"2018-12-06T16:41:41","slug":"moreno-envio-a-la-asamblea-la-terna-para-elegir-vicepresidente","status":"publish","type":"post","link":"https:\/\/www.ecuadoraldia.com.ec\/?p=17350","title":{"rendered":"Moreno envi\u00f3 \u00a0a la asamblea la terna para elegir vicepresidente"},"content":{"rendered":"<p><a href=\"http:\/\/www.ecuadoraldia.com.ec\/wp-content\/uploads\/2018\/12\/terna_3.jpg\"><img loading=\"lazy\" decoding=\"async\" class=\"alignleft size-medium wp-image-17351\" src=\"http:\/\/www.ecuadoraldia.com.ec\/wp-content\/uploads\/2018\/12\/terna_3-300x180.jpg\" alt=\"\" width=\"300\" height=\"180\" srcset=\"https:\/\/www.ecuadoraldia.com.ec\/wp-content\/uploads\/2018\/12\/terna_3-300x180.jpg 300w, https:\/\/www.ecuadoraldia.com.ec\/wp-content\/uploads\/2018\/12\/terna_3.jpg 768w\" sizes=\"(max-width: 300px) 100vw, 300px\" \/><\/a><\/p>\n<p>Quito, jueves 6 de diciembre de 2018. Cerca de este medio d\u00eda, lleg\u00f3 a la Asamblea nacional la n\u00f3mina de quienes integran la terna para la elecci\u00f3n del nuevo vicepresidente de la Rep\u00fablica, en reemplazo de mar\u00eda Alejandra Vicu\u00f1a, quien renunci\u00f3 al cargo, por denuncias de que cuando fue asamble\u00edsta, solicit\u00f3 parte del sueldo de sus colaboradores.<\/p>\n<p>El decreto del ejecutivo que contiene los nombres de los aspirantes a la segunda magistratura del Pa\u00eds, la entreg\u00f3 la Ministra de Gobierno Mar\u00eda Paula Romo\u00a0 a la titular de la Legislatura Elizabeth cabezas, quien dijo que en las pr\u00f3ximas horas pondr\u00e1 a conocimiento de los legisladores el documento para la socializaci\u00f3n de los nombres, para luego incluirla en el orden del d\u00eda, para la designaci\u00f3n.<\/p>\n<p>\u00bfQui\u00e9nes son los postulantes a la Vicepresidencia de la Rep\u00fablica?<\/p>\n<p>Economista Otto Sonnenholzner Sper, de origen Alem\u00e1n, es adem\u00e1s amigo del yerno del Presidente Lenin Moreno<\/p>\n<p>Proviene de una familia vinculada a la radiodifusi\u00f3n, su padre es Ram\u00f3n Sonnenholzner, escritor escritor, empresario y declamador.<\/p>\n<p>Periodista y ex presidente de Asociaci\u00f3n Ecuatoriana de Radiodifusi\u00f3n (AER) \u2013en Guayquil- insta a que \u201ccuidemos la din\u00e1mica del peat\u00f3n\/bicicleta para evitar accidentes.<\/p>\n<p>Ha escrito: Democracia vs. Dictadura Componentes de la Democracia M\u00e1s alla del sufragio \u2022 Una Constituci\u00f3n que sea expresi\u00f3n del pacto o acuerdo que se han logrado entre todos y que todos aceptan y que adem\u00e1s limita los diversos poderes y controla el funcionamiento formal. El gobierno, y constituye de esta manera un Estado de Derecho.<\/p>\n<p>Nancy Vasco de Maldonado representa al sector social \u2013 relacionada con el \u00e1rea social<\/p>\n<p>Fundadora y propietaria de la empresa Fresflor, lleva 32 a\u00f1os en el mercado de la producci\u00f3n flor\u00edcola.<\/p>\n<p>Ha trabajado en la Fundaci\u00f3n Tri\u00e1ngulo, cuyo objetivo es promover la integraci\u00f3n de lesbianas, gais, bisexuales y transexuales a la sociedad.<\/p>\n<p>Agust\u00edn Alb\u00e1n, perteneciente al sector educativo, radicado actualmente en M\u00e9xico, est\u00e1<\/p>\n<p>relacionado al sector educativo, quien actualmente reside en M\u00e9xico pero afirm\u00f3 que acudir\u00eda al llamado de la Asamblea en el caso de ocupar el cargo de vicepresidente.<\/p>\n<p>El Presidente Len\u00edon Moreno, en dialogo con varios medios de Comunicaci\u00f3n este jueves seis de diciembre, anunci\u00f3 los nombres de quienes conformar\u00e1n la terna que ya se encuentra en la Asamblea nacional.<\/p>\n<p>\u201cSe caracteriza de colaboraci\u00f3n y la transparencia, indic\u00f3 Moreno\u201d, y resalt\u00f3 que la juventud de los integrantes tambi\u00e9n permitir\u00e1 tener otros puntos de vista.<\/p>\n<p>Agreg\u00f3 que los tres candidatos para la vicepresidencia \u201ctienen un perfil de personas que tienen un pasado transparente, de trabajo, y que no son militantes de ning\u00fan partido pol\u00edtico\u201d. (I)<\/p>\n","protected":false},"excerpt":{"rendered":"<p>Quito, jueves 6 de diciembre de 2018. Cerca de este medio d\u00eda, lleg\u00f3 a la Asamblea nacional la n\u00f3mina de<\/p>\n","protected":false},"author":1,"featured_media":17351,"comment_status":"closed","ping_status":"closed","sticky":false,"template":"","format":"standard","meta":{"footnotes":""},"categories":[11],"tags":[],"_links":{"self":[{"href":"https:\/\/www.ecuadoraldia.com.ec\/index.php?rest_route=\/wp\/v2\/posts\/17350"}],"collection":[{"href":"https:\/\/www.ecuadoraldia.com.ec\/index.php?rest_route=\/wp\/v2\/posts"}],"about":[{"href":"https:\/\/www.ecuadoraldia.com.ec\/index.php?rest_route=\/wp\/v2\/types\/post"}],"author":[{"embeddable":true,"href":"https:\/\/www.ecuadoraldia.com.ec\/index.php?rest_route=\/wp\/v2\/users\/1"}],"replies":[{"embeddable":true,"href":"https:\/\/www.ecuadoraldia.com.ec\/index.php?rest_route=%2Fwp%2Fv2%2Fcomments&post=17350"}],"version-history":[{"count":1,"href":"https:\/\/www.ecuadoraldia.com.ec\/index.php?rest_route=\/wp\/v2\/posts\/17350\/revisions"}],"predecessor-version":[{"id":17352,"href":"https:\/\/www.ecuadoraldia.com.ec\/index.php?rest_route=\/wp\/v2\/posts\/17350\/revisions\/17352"}],"wp:featuredmedia":[{"embeddable":true,"href":"https:\/\/www.ecuadoraldia.com.ec\/index.php?rest_route=\/wp\/v2\/media\/17351"}],"wp:attachment":[{"href":"https:\/\/www.ecuadoraldia.com.ec\/index.php?rest_route=%2Fwp%2Fv2%2Fmedia&parent=17350"}],"wp:term":[{"taxonomy":"category","embeddable":true,"href":"https:\/\/www.ecuadoraldia.com.ec\/index.php?rest_route=%2Fwp%2Fv2%2Fcategories&post=17350"},{"taxonomy":"post_tag","embeddable":true,"href":"https:\/\/www.ecuadoraldia.com.ec\/index.php?rest_route=%2Fwp%2Fv2%2Ftags&post=17350"}],"curies":[{"name":"wp","href":"https:\/\/api.w.org\/{rel}","templated":true}]}}