{"id":1754,"date":"2014-03-28T15:55:24","date_gmt":"2014-03-28T15:55:24","guid":{"rendered":"http:\/\/www.ecuadoraldia.com.ec\/?p=1754"},"modified":"2014-03-28T15:55:24","modified_gmt":"2014-03-28T15:55:24","slug":"despedida-con-honor-a-un-comando-del-gir","status":"publish","type":"post","link":"https:\/\/www.ecuadoraldia.com.ec\/?p=1754","title":{"rendered":"Despedida con honor a un comando del GIR"},"content":{"rendered":"<p><figure id=\"attachment_1755\" aria-describedby=\"caption-attachment-1755\" style=\"width: 300px\" class=\"wp-caption alignleft\"><a href=\"http:\/\/www.ecuadoraldia.com.ec\/wp-content\/uploads\/2014\/03\/gir.jpg\"><img loading=\"lazy\" decoding=\"async\" src=\"http:\/\/www.ecuadoraldia.com.ec\/wp-content\/uploads\/2014\/03\/gir-300x225.jpg\" alt=\"foto extra\" width=\"300\" height=\"225\" class=\"size-medium wp-image-1755\" srcset=\"https:\/\/www.ecuadoraldia.com.ec\/wp-content\/uploads\/2014\/03\/gir-300x225.jpg 300w, https:\/\/www.ecuadoraldia.com.ec\/wp-content\/uploads\/2014\/03\/gir.jpg 610w\" sizes=\"(max-width: 300px) 100vw, 300px\" \/><\/a><figcaption id=\"caption-attachment-1755\" class=\"wp-caption-text\">foto extra<\/figcaption><\/figure>Los familiares y amigos del sargento Rodrigo Alquinga le dar\u00e1n hoy el \u00faltimo adi\u00f3s. El uniformado ser\u00e1 despedido con una misa que se celebrar\u00e1 en la Catedral de Quito.<\/p>\n<p>El comando del GIR falleci\u00f3 anteayer, en el norte de la ciudad, mientras intentaba evitar que dos presuntos delincuentes roben 2.000 d\u00f3lares -bajo la modalidad de \u00absacapintas\u00bb- a un empleado de un restaurante del sector.<\/p>\n<p>\u00abVe\u00eda por todos\u00bb, repet\u00eda Irene del Pilar Tib\u00e1n, esposa del fallecido, mientras recib\u00eda las condolencias de Rodrigo Su\u00e1rez, comandante de Polic\u00eda. Los integrantes de la c\u00fapula de la instituci\u00f3n asistieron al Grupo de Intervenci\u00f3n y Rescate (GIR) a la capilla ardiente preparada para rendirle homenaje.<\/p>\n<p>\u00abUn comando preparado, entrenado que vivi\u00f3 con alegr\u00eda su vocaci\u00f3n\u00bb, elogiaba monse\u00f1or Ricardo Chamorro, durante la misa.<\/p>\n<p>El uniformado no fue la \u00fanica v\u00edctima. El empleado del restaurante y uno de los sospechosos del delito tambi\u00e9n fallecieron. Este \u00faltimo registraba tres detenciones por robo y estafa. El general Su\u00e1rez anunci\u00f3 que solicitar\u00e1 al Consejo de la Judicatura que explique \u00abc\u00f3mo sali\u00f3 libre en dos ocasiones\u00bb.<\/p>\n<p>La Polic\u00eda busca al segundo sospechoso, quien escap\u00f3 del lugar luego de herir al comando del GIR. Un v\u00eddeo del momento de la balacera da cuenta del trabajo profesional que realiz\u00f3 el polic\u00eda, inform\u00f3 el comandante Su\u00e1rez.<\/p>\n<p>Tambi\u00e9n mostrar\u00e1 las pistas para ubicar al segundo sospechoso del asalto. Otro indicio ser\u00e1 la informaci\u00f3n contenida en un tel\u00e9fono celular que se recogi\u00f3 en el sitio.<\/p>\n<p>Alquinga ten\u00eda 43 a\u00f1os y cuatro hijos. Compa\u00f1eros como Rub\u00e9n \u00d1acata lo describen como un h\u00e9roe. Y as\u00ed ser\u00e1 despedido hoy, en una ceremonia en la que se espera la presencia del presidente Rafael Correa.(Xpreso)<\/p>\n","protected":false},"excerpt":{"rendered":"<p>Los familiares y amigos del sargento Rodrigo Alquinga le dar\u00e1n hoy el \u00faltimo adi\u00f3s. El uniformado ser\u00e1 despedido con una<\/p>\n","protected":false},"author":1,"featured_media":0,"comment_status":"open","ping_status":"open","sticky":false,"template":"","format":"standard","meta":{"footnotes":""},"categories":[5],"tags":[],"_links":{"self":[{"href":"https:\/\/www.ecuadoraldia.com.ec\/index.php?rest_route=\/wp\/v2\/posts\/1754"}],"collection":[{"href":"https:\/\/www.ecuadoraldia.com.ec\/index.php?rest_route=\/wp\/v2\/posts"}],"about":[{"href":"https:\/\/www.ecuadoraldia.com.ec\/index.php?rest_route=\/wp\/v2\/types\/post"}],"author":[{"embeddable":true,"href":"https:\/\/www.ecuadoraldia.com.ec\/index.php?rest_route=\/wp\/v2\/users\/1"}],"replies":[{"embeddable":true,"href":"https:\/\/www.ecuadoraldia.com.ec\/index.php?rest_route=%2Fwp%2Fv2%2Fcomments&post=1754"}],"version-history":[{"count":1,"href":"https:\/\/www.ecuadoraldia.com.ec\/index.php?rest_route=\/wp\/v2\/posts\/1754\/revisions"}],"predecessor-version":[{"id":1756,"href":"https:\/\/www.ecuadoraldia.com.ec\/index.php?rest_route=\/wp\/v2\/posts\/1754\/revisions\/1756"}],"wp:attachment":[{"href":"https:\/\/www.ecuadoraldia.com.ec\/index.php?rest_route=%2Fwp%2Fv2%2Fmedia&parent=1754"}],"wp:term":[{"taxonomy":"category","embeddable":true,"href":"https:\/\/www.ecuadoraldia.com.ec\/index.php?rest_route=%2Fwp%2Fv2%2Fcategories&post=1754"},{"taxonomy":"post_tag","embeddable":true,"href":"https:\/\/www.ecuadoraldia.com.ec\/index.php?rest_route=%2Fwp%2Fv2%2Ftags&post=1754"}],"curies":[{"name":"wp","href":"https:\/\/api.w.org\/{rel}","templated":true}]}}