{"id":1766,"date":"2014-03-31T20:40:00","date_gmt":"2014-03-31T20:40:00","guid":{"rendered":"http:\/\/www.ecuadoraldia.com.ec\/?p=1766"},"modified":"2014-03-31T20:40:00","modified_gmt":"2014-03-31T20:40:00","slug":"hermanos-isaias-son-investigados-en-ee-uu","status":"publish","type":"post","link":"https:\/\/www.ecuadoraldia.com.ec\/?p=1766","title":{"rendered":"Hermanos Isa\u00edas son investigados en EE.UU."},"content":{"rendered":"<p><a href=\"http:\/\/www.ecuadoraldia.com.ec\/wp-content\/uploads\/2014\/03\/isaias-da.jpg\"><img loading=\"lazy\" decoding=\"async\" src=\"http:\/\/www.ecuadoraldia.com.ec\/wp-content\/uploads\/2014\/03\/isaias-da-300x198.jpg\" alt=\"isaias da\" width=\"300\" height=\"198\" class=\"alignleft size-medium wp-image-1767\" srcset=\"https:\/\/www.ecuadoraldia.com.ec\/wp-content\/uploads\/2014\/03\/isaias-da-300x198.jpg 300w, https:\/\/www.ecuadoraldia.com.ec\/wp-content\/uploads\/2014\/03\/isaias-da.jpg 450w\" sizes=\"(max-width: 300px) 100vw, 300px\" \/><\/a>El Departamento de Seguridad Nacional de los Estados Unidos investiga a los hermanos William y Roberto Isa\u00edas por un presunto lavado de dinero en ese pa\u00eds, seg\u00fan public\u00f3 el 28 de marzo el diario The New York Times.<\/p>\n<p>La informaci\u00f3n del rotativo asegura que la investigaci\u00f3n que lleva adelante ese departamento es para determinar si algunos de los millones de d\u00f3lares por los que los Isa\u00edas han sido acusados en Ecuador, llegaron a Estados Unidos.<\/p>\n<p>Con el t\u00edtulo: \u201cU.S. Investigates Brothers From Ecuador With Ties to Campaigns\u201d, la informaci\u00f3n se\u00f1ala: \u201cDos hermanos fugitivos de Ecuador, cuyos familiares han contribuido con cientos de miles de d\u00f3lares a las campa\u00f1as pol\u00edticas estadounidenses, est\u00e1n siendo investigados por el Departamento de Seguridad Nacional para determinar si alguno de los millones por los que los hombres fueron acusados de hurto en su pa\u00eds de origen llegaron a Estados Unidos, seg\u00fan fuentes cercanas al caso\u201d.<\/p>\n<p>Y a\u00f1ade que: \u201c&#8230;Una divisi\u00f3n del Servicio de Inmigraci\u00f3n y Control de Aduanas est\u00e1 llevando a cabo una investigaci\u00f3n de lavado de dinero de los hermanos, de acuerdo a personas familiarizadas con la investigaci\u00f3n\u201d, sostiene la nota.<\/p>\n<p>Y agrega que esta investigaci\u00f3n empez\u00f3 en 2011 y se centra en \u201csi el dinero (supuestamente) mal habido transferido a bancos norteamericanos sigue circulando\u201d.<\/p>\n<p>Indica tambi\u00e9n que el seguimiento de las nuevas transacciones financieras de ese dinero ser\u00eda cr\u00edtico, porque los delitos de los que los Isa\u00edas fueron acusados en Ecuador se llevaron a cabo en 1998 -y el estatuto de limitaciones para el lavado de dinero es de 5 a\u00f1os, de acuerdo con un funcionario federal familiarizado con el caso.<\/p>\n<p>\u201cUna investigaci\u00f3n anterior, en 2003, fracas\u00f3 despu\u00e9s de que el Gobierno ecuatoriano no facilit\u00f3 (en ese entonces) la documentaci\u00f3n de los pr\u00e9stamos dudosos y transferencias a cuentas en Republic National Bank, una instituci\u00f3n financiera que era de propiedad de los hermanos en Miami, dijo otra persona involucrada en el caso\u201d.<\/p>\n<p>El art\u00edculo a\u00f1ade que los exbanqueros ecuatorianos niegan las acusaciones e insisten en que el banco que pose\u00edan en Ecuador, Filanbanco, no quebr\u00f3 hasta varios a\u00f1os despu\u00e9s de que fue asumido por el Gobierno ecuatoriano\u201d.<\/p>\n<p>El peri\u00f3dico neoyorquino menciona tambi\u00e9n las contribuciones pol\u00edticas a las campa\u00f1as dem\u00f3cratas y republicanas, en las que se incluye una contribuci\u00f3n de 90.000 d\u00f3lares para la campa\u00f1a a la reelecci\u00f3n del presidente Barack Obama.<\/p>\n<p>La embajadora  de Ecuador en Estados Unidos, Nathalie Celi, emiti\u00f3 un comunicado  a la Presidencia de la Rep\u00fablica en el cual hizo referencia al art\u00edculo  del diario estadounidense y se\u00f1al\u00f3 que, al igual que en otras publicaciones del mismo peri\u00f3dico, menciona las contribuciones que hicieron los hermanos a favor de la campa\u00f1a presidencial de Obama.<\/p>\n<p>Asimismo, indic\u00f3 que realizar\u00e1 el seguimiento del caso  con las autoridades respectivas, incluso ha solicitado una reuni\u00f3n con la Fiscal\u00eda de Estados Unidos para poder determinar qu\u00e9 informaci\u00f3n adicional podr\u00edan proporcionar.<\/p>\n<p>Roberto y William Isa\u00edas salieron del pa\u00eds en  2000 y est\u00e1n radicados en Miami. En 2012 fueron sentenciados por la justicia ecuatoriana a 8 a\u00f1os de prisi\u00f3n por el delito de peculado.<\/p>\n<p>En enero pasado la defensa de los Isa\u00edas present\u00f3 un recurso de apelaci\u00f3n, pero la Corte Nacional de Justicia ratific\u00f3 la condena contra los exbanqueros.<\/p>\n","protected":false},"excerpt":{"rendered":"<p>El Departamento de Seguridad Nacional de los Estados Unidos investiga a los hermanos William y Roberto Isa\u00edas por un presunto<\/p>\n","protected":false},"author":1,"featured_media":0,"comment_status":"open","ping_status":"open","sticky":false,"template":"","format":"standard","meta":{"footnotes":""},"categories":[5],"tags":[],"_links":{"self":[{"href":"https:\/\/www.ecuadoraldia.com.ec\/index.php?rest_route=\/wp\/v2\/posts\/1766"}],"collection":[{"href":"https:\/\/www.ecuadoraldia.com.ec\/index.php?rest_route=\/wp\/v2\/posts"}],"about":[{"href":"https:\/\/www.ecuadoraldia.com.ec\/index.php?rest_route=\/wp\/v2\/types\/post"}],"author":[{"embeddable":true,"href":"https:\/\/www.ecuadoraldia.com.ec\/index.php?rest_route=\/wp\/v2\/users\/1"}],"replies":[{"embeddable":true,"href":"https:\/\/www.ecuadoraldia.com.ec\/index.php?rest_route=%2Fwp%2Fv2%2Fcomments&post=1766"}],"version-history":[{"count":1,"href":"https:\/\/www.ecuadoraldia.com.ec\/index.php?rest_route=\/wp\/v2\/posts\/1766\/revisions"}],"predecessor-version":[{"id":1768,"href":"https:\/\/www.ecuadoraldia.com.ec\/index.php?rest_route=\/wp\/v2\/posts\/1766\/revisions\/1768"}],"wp:attachment":[{"href":"https:\/\/www.ecuadoraldia.com.ec\/index.php?rest_route=%2Fwp%2Fv2%2Fmedia&parent=1766"}],"wp:term":[{"taxonomy":"category","embeddable":true,"href":"https:\/\/www.ecuadoraldia.com.ec\/index.php?rest_route=%2Fwp%2Fv2%2Fcategories&post=1766"},{"taxonomy":"post_tag","embeddable":true,"href":"https:\/\/www.ecuadoraldia.com.ec\/index.php?rest_route=%2Fwp%2Fv2%2Ftags&post=1766"}],"curies":[{"name":"wp","href":"https:\/\/api.w.org\/{rel}","templated":true}]}}