{"id":1769,"date":"2014-03-31T20:46:15","date_gmt":"2014-03-31T20:46:15","guid":{"rendered":"http:\/\/www.ecuadoraldia.com.ec\/?p=1769"},"modified":"2014-03-31T20:46:15","modified_gmt":"2014-03-31T20:46:15","slug":"ecuador-y-la-union-europea-podrian-firmar-acuerdo-comercial-a-inicios-del-2015","status":"publish","type":"post","link":"https:\/\/www.ecuadoraldia.com.ec\/?p=1769","title":{"rendered":"Ecuador y la Uni\u00f3n Europea podr\u00edan firmar acuerdo comercial a inicios del 2015"},"content":{"rendered":"<p> <a href=\"http:\/\/www.ecuadoraldia.com.ec\/wp-content\/uploads\/2014\/03\/min-com.jpg\"><img loading=\"lazy\" decoding=\"async\" src=\"http:\/\/www.ecuadoraldia.com.ec\/wp-content\/uploads\/2014\/03\/min-com-300x287.jpg\" alt=\"min com\" width=\"300\" height=\"287\" class=\"alignleft size-medium wp-image-1770\" srcset=\"https:\/\/www.ecuadoraldia.com.ec\/wp-content\/uploads\/2014\/03\/min-com-300x287.jpg 300w, https:\/\/www.ecuadoraldia.com.ec\/wp-content\/uploads\/2014\/03\/min-com.jpg 404w\" sizes=\"(max-width: 300px) 100vw, 300px\" \/><\/a>Las negociaciones para un acuerdo comercial entre la Uni\u00f3n Europea y Ecuador finalizaron su segunda ronda y, seg\u00fan el ministro ecuatoriano de Comercio Exterior, Francisco Rivadeneira, avanzaron significativamente, al punto de que se estima el cierre de las mesas de discusi\u00f3n en este primer semestre y la firma del acuerdo a inicios de 2015.<\/p>\n<p>\u201cEl acuerdo entra en vigencia cuando es aprobado por cada uno de los parlamentos de los miembros y en ese momento es cuando empieza el acuerdo, pero sus efectos ya estar\u00e1n en vigencia, mi expectativa es que lo antes posible, probablemente a inicios de 2015, ya est\u00e9 en vigencia\u201d, dijo el ministro.<\/p>\n<p>Dos mesas (bienes industriales y servicios), de cinco que se instalaron en Manta (oeste) entre el lunes y el mi\u00e9rcoles pasados, pudieron haberse cerrado como consecuencia de los acuerdos logrados, declar\u00f3 Rivadeneira ante la prensa en Quito, sin embargo, persisten l\u00edneas de negociaci\u00f3n abiertas en las mesas de propiedad intelectual, bienes agr\u00edcolas y compras p\u00fablicas.<\/p>\n<p>\u201cEn varias de las mesas pudimos conversar todos los temas que estaban previstos (\u2026) en algunos casos, como la mesa de servicios y establecimiento y en la mesa de bienes industriales los avances fueron tan significativos que pudi\u00e9ramos haber tomado la decisi\u00f3n de cerrar la negociaci\u00f3n (\u2026) quiero recordar que en negociaciones internacionales hay una estrategia prestablecida y no necesariamente es bueno cerrar las mesas antes del final\u201d.<\/p>\n<p>La reuni\u00f3n finalizada en Manta convoc\u00f3 a una tercera ronda de negociaciones y a\u00fan deber\u00eda hacerse un cuarto encuentro \u2013de car\u00e1cter pol\u00edtico- para declarar las negociaciones cerradas y esperar la aprobaci\u00f3n del Parlamento Europeo para su entrada en vigencia.<\/p>\n<p>En 2009, Ecuador abandon\u00f3 negociaciones de la Comunidad Andina de Naciones, que concluyeron en dos tratados de libre comercio entre Colombia, Per\u00fa y la Uni\u00f3n Europea.<\/p>\n<p>Ecuador mantuvo la posici\u00f3n que lo distanci\u00f3 de sus vecinos del norte y del sur, especialmente en los intereses del pa\u00eds andino  de proteger sus empresas en acceso a compras p\u00fablicas, la exigencia de hacer desagregaci\u00f3n tecnol\u00f3gica a los avances logrados por la Uni\u00f3n Europea en la industria y el manejo estatal de los sectores estrat\u00e9gicos.(Andes.info.ec)<\/p>\n","protected":false},"excerpt":{"rendered":"<p>Las negociaciones para un acuerdo comercial entre la Uni\u00f3n Europea y Ecuador finalizaron su segunda ronda y, seg\u00fan el ministro<\/p>\n","protected":false},"author":1,"featured_media":0,"comment_status":"open","ping_status":"open","sticky":false,"template":"","format":"standard","meta":{"footnotes":""},"categories":[9,11,1],"tags":[],"_links":{"self":[{"href":"https:\/\/www.ecuadoraldia.com.ec\/index.php?rest_route=\/wp\/v2\/posts\/1769"}],"collection":[{"href":"https:\/\/www.ecuadoraldia.com.ec\/index.php?rest_route=\/wp\/v2\/posts"}],"about":[{"href":"https:\/\/www.ecuadoraldia.com.ec\/index.php?rest_route=\/wp\/v2\/types\/post"}],"author":[{"embeddable":true,"href":"https:\/\/www.ecuadoraldia.com.ec\/index.php?rest_route=\/wp\/v2\/users\/1"}],"replies":[{"embeddable":true,"href":"https:\/\/www.ecuadoraldia.com.ec\/index.php?rest_route=%2Fwp%2Fv2%2Fcomments&post=1769"}],"version-history":[{"count":1,"href":"https:\/\/www.ecuadoraldia.com.ec\/index.php?rest_route=\/wp\/v2\/posts\/1769\/revisions"}],"predecessor-version":[{"id":1771,"href":"https:\/\/www.ecuadoraldia.com.ec\/index.php?rest_route=\/wp\/v2\/posts\/1769\/revisions\/1771"}],"wp:attachment":[{"href":"https:\/\/www.ecuadoraldia.com.ec\/index.php?rest_route=%2Fwp%2Fv2%2Fmedia&parent=1769"}],"wp:term":[{"taxonomy":"category","embeddable":true,"href":"https:\/\/www.ecuadoraldia.com.ec\/index.php?rest_route=%2Fwp%2Fv2%2Fcategories&post=1769"},{"taxonomy":"post_tag","embeddable":true,"href":"https:\/\/www.ecuadoraldia.com.ec\/index.php?rest_route=%2Fwp%2Fv2%2Ftags&post=1769"}],"curies":[{"name":"wp","href":"https:\/\/api.w.org\/{rel}","templated":true}]}}