{"id":17739,"date":"2019-07-18T14:35:01","date_gmt":"2019-07-18T19:35:01","guid":{"rendered":"http:\/\/www.ecuadoraldia.com.ec\/?p=17739"},"modified":"2019-07-22T09:03:45","modified_gmt":"2019-07-22T14:03:45","slug":"clavos-cefalomedulares-de-tercera-generacion-son-utilizados-por-primera","status":"publish","type":"post","link":"https:\/\/www.ecuadoraldia.com.ec\/?p=17739","title":{"rendered":"Cirug\u00edas con nuevas tecnolog\u00edas en Hospital del Sur"},"content":{"rendered":"<p><a href=\"http:\/\/www.ecuadoraldia.com.ec\/wp-content\/uploads\/2019\/07\/67723106_2231877263598049_9131659800591990784_n.jpg\"><img loading=\"lazy\" decoding=\"async\" class=\"alignleft size-medium wp-image-17740\" src=\"http:\/\/www.ecuadoraldia.com.ec\/wp-content\/uploads\/2019\/07\/67723106_2231877263598049_9131659800591990784_n-300x200.jpg\" alt=\"\" width=\"300\" height=\"200\" srcset=\"https:\/\/www.ecuadoraldia.com.ec\/wp-content\/uploads\/2019\/07\/67723106_2231877263598049_9131659800591990784_n-300x200.jpg 300w, https:\/\/www.ecuadoraldia.com.ec\/wp-content\/uploads\/2019\/07\/67723106_2231877263598049_9131659800591990784_n-768x512.jpg 768w, https:\/\/www.ecuadoraldia.com.ec\/wp-content\/uploads\/2019\/07\/67723106_2231877263598049_9131659800591990784_n.jpg 960w\" sizes=\"(max-width: 300px) 100vw, 300px\" \/><\/a>El Hospital General Enrique Garc\u00e9s ha realizado una\u00a0<strong>cirug\u00eda de cadera con un clavo cefalomedular de tercera generaci\u00f3n<\/strong>; este material se ha utilizado por primera vez dentro del sistema p\u00fablico, ha confirmado David Revelo, traumat\u00f3logo del hospital.<\/p>\n<p>En entrevista con REDACCI\u00d3N M\u00c9DICA, Revelo ha detallado los beneficios de este material en las cirug\u00edas de fracturas de cadera y similares. Hasta el momento, para este tipo de cirug\u00edas se han utilizado clavos cefalomedulares de primera y segunda generaci\u00f3n; sin embargo, Revelo ha se\u00f1alado que muchas veces \u201c<strong>los pacientes llegaban nuevamente con dolores de cadera porque el clavo pod\u00eda salirse<\/strong>\u201d.<\/p>\n<p>Los clavos cefalomedualres de tercera generaci\u00f3n, que se ha utilizado para esta cirug\u00eda, permite\u00a0<strong>reducir el tiempo de intervenci\u00f3n quir\u00fargica, evitar que se salga el tornillo y da mayor seguridad al operar<\/strong>. Adem\u00e1s, mejora el tiempo de recuperaci\u00f3n del paciente.<a href=\"http:\/\/www.ecuadoraldia.com.ec\/wp-content\/uploads\/2019\/07\/66941630_2231877240264718_1625179753239543808_n.jpg\"><img loading=\"lazy\" decoding=\"async\" class=\"alignleft size-medium wp-image-17741\" src=\"http:\/\/www.ecuadoraldia.com.ec\/wp-content\/uploads\/2019\/07\/66941630_2231877240264718_1625179753239543808_n-300x200.jpg\" alt=\"\" width=\"300\" height=\"200\" srcset=\"https:\/\/www.ecuadoraldia.com.ec\/wp-content\/uploads\/2019\/07\/66941630_2231877240264718_1625179753239543808_n-300x200.jpg 300w, https:\/\/www.ecuadoraldia.com.ec\/wp-content\/uploads\/2019\/07\/66941630_2231877240264718_1625179753239543808_n-768x512.jpg 768w, https:\/\/www.ecuadoraldia.com.ec\/wp-content\/uploads\/2019\/07\/66941630_2231877240264718_1625179753239543808_n.jpg 960w\" sizes=\"(max-width: 300px) 100vw, 300px\" \/><\/a><\/p>\n<p>Este tipo de clavos beneficia a pacientes con fracturas de cadera y di\u00e1fisis femoral. Revelo ha resaltado que \u201ces un clavo\u00a0<strong>bastante din\u00e1mico con muchas aplicaciones<\/strong>\u00a0y es muy bueno para la pronta recuperaci\u00f3n de los pacientes\u201d.<\/p>\n<p>El especialista ha agregado que existe un menor riesgo de fractura perimplante \u201ceste clavo permite que\u00a0<strong>no se vuelva a fracturar el implante<\/strong>, adem\u00e1s evita el dolor posterior de cadera que suelen tener los pacientes\u201d.\u00a0 Tambi\u00e9n ha a\u00f1adido que durante la cirug\u00eda se necesita\u00a0<strong>menor irradiaci\u00f3n<\/strong>\u00a0en el paciente para colocar el material.<\/p>\n<p><strong>El dato<\/strong><\/p>\n<p>La\u00a0<strong>paciente beneficiada<\/strong>\u00a0con este procedimiento es una adulta mayor con una fractura a nivel de los troc\u00e1nteres con hueso osteopor\u00f3tico.<\/p>\n<p>Cortes\u00eda Redaccion Medica<\/p>\n","protected":false},"excerpt":{"rendered":"<p>El Hospital General Enrique Garc\u00e9s ha realizado una\u00a0cirug\u00eda de cadera con un clavo cefalomedular de tercera generaci\u00f3n; este material se<\/p>\n","protected":false},"author":1,"featured_media":17740,"comment_status":"closed","ping_status":"closed","sticky":false,"template":"","format":"standard","meta":{"footnotes":""},"categories":[1],"tags":[],"_links":{"self":[{"href":"https:\/\/www.ecuadoraldia.com.ec\/index.php?rest_route=\/wp\/v2\/posts\/17739"}],"collection":[{"href":"https:\/\/www.ecuadoraldia.com.ec\/index.php?rest_route=\/wp\/v2\/posts"}],"about":[{"href":"https:\/\/www.ecuadoraldia.com.ec\/index.php?rest_route=\/wp\/v2\/types\/post"}],"author":[{"embeddable":true,"href":"https:\/\/www.ecuadoraldia.com.ec\/index.php?rest_route=\/wp\/v2\/users\/1"}],"replies":[{"embeddable":true,"href":"https:\/\/www.ecuadoraldia.com.ec\/index.php?rest_route=%2Fwp%2Fv2%2Fcomments&post=17739"}],"version-history":[{"count":4,"href":"https:\/\/www.ecuadoraldia.com.ec\/index.php?rest_route=\/wp\/v2\/posts\/17739\/revisions"}],"predecessor-version":[{"id":17751,"href":"https:\/\/www.ecuadoraldia.com.ec\/index.php?rest_route=\/wp\/v2\/posts\/17739\/revisions\/17751"}],"wp:featuredmedia":[{"embeddable":true,"href":"https:\/\/www.ecuadoraldia.com.ec\/index.php?rest_route=\/wp\/v2\/media\/17740"}],"wp:attachment":[{"href":"https:\/\/www.ecuadoraldia.com.ec\/index.php?rest_route=%2Fwp%2Fv2%2Fmedia&parent=17739"}],"wp:term":[{"taxonomy":"category","embeddable":true,"href":"https:\/\/www.ecuadoraldia.com.ec\/index.php?rest_route=%2Fwp%2Fv2%2Fcategories&post=17739"},{"taxonomy":"post_tag","embeddable":true,"href":"https:\/\/www.ecuadoraldia.com.ec\/index.php?rest_route=%2Fwp%2Fv2%2Ftags&post=17739"}],"curies":[{"name":"wp","href":"https:\/\/api.w.org\/{rel}","templated":true}]}}