{"id":17743,"date":"2019-07-21T13:00:11","date_gmt":"2019-07-21T18:00:11","guid":{"rendered":"http:\/\/www.ecuadoraldia.com.ec\/?p=17743"},"modified":"2019-07-21T13:01:43","modified_gmt":"2019-07-21T18:01:43","slug":"morejon-gano-medalla-de-oro-en-los-10-000-metros","status":"publish","type":"post","link":"https:\/\/www.ecuadoraldia.com.ec\/?p=17743","title":{"rendered":"Oro para Ecuador en Costa Rica"},"content":{"rendered":"<p><a href=\"http:\/\/www.ecuadoraldia.com.ec\/wp-content\/uploads\/2019\/07\/glinda.jpeg\"><img loading=\"lazy\" decoding=\"async\" class=\"alignleft size-medium wp-image-17744\" src=\"http:\/\/www.ecuadoraldia.com.ec\/wp-content\/uploads\/2019\/07\/glinda-300x219.jpeg\" alt=\"\" width=\"300\" height=\"219\" srcset=\"https:\/\/www.ecuadoraldia.com.ec\/wp-content\/uploads\/2019\/07\/glinda-300x219.jpeg 300w, https:\/\/www.ecuadoraldia.com.ec\/wp-content\/uploads\/2019\/07\/glinda.jpeg 424w\" sizes=\"(max-width: 300px) 100vw, 300px\" \/><\/a><\/p>\n<p>La marchista ecuatoriana Glenda Morej\u00f3n gan\u00f3 medalla de oro en los 10 000 metros en el Campeonato Panamericano de Atletismo Sub 20 realizado este domingo 21 de julio de 2019 en Costa Rica.<\/p>\n<p>La marca de Morej\u00f3n en esta prueba fue de 44 minutos y 46,02 segundos. Por detr\u00e1s de ella se ubic\u00f3 la peruana Mary Luz Andia con 45 minutos y 22,94 segundos y la costarricense Noelia Vargas con 46 minutos y 32,92 segundos.<\/p>\n<p>Con esa prueba, la imbabure\u00f1a de 19 a\u00f1os se despide de la categor\u00eda Sub 20. Ella es l\u00edder del ranking mundial Sub 20 y segunda del escalaf\u00f3n mundial absoluto en 20 kil\u00f3metros.<\/p>\n<p>En la lista de inscritos para la competencia, Morej\u00f3n aparece con el mejor tiempo en los 10 000 m (43:04.00).<\/p>\n<p>Despu\u00e9s est\u00e1n la puertorrique\u00f1a Rachelle de Orbeta y la guatemalteca Maidy Monge, con 44:50.00 y 46:09.08, en ese orden. Morej\u00f3n debe superar a 10 rivales de ocho pa\u00edses para obtener el t\u00edtulo.<\/p>\n<p>Este Panamericano representa la \u00faltima prueba como juvenil de Morej\u00f3n, de 19 a\u00f1os, que ahora solo competir\u00e1 a nivel absoluto.<\/p>\n<p>Morej\u00f3n es la n\u00famero uno en el ranking mundial de la categor\u00eda sub-20. El pasado 8 de junio gan\u00f3 la medalla de oro en el Gran Premio de Marcha La Coru\u00f1a, en Espa\u00f1a. En esa prueba marc\u00f3 un nuevo r\u00e9cord sudamericano absoluto con un tiempo de 01h25m29s.<\/p>\n<p>&nbsp;<\/p>\n","protected":false},"excerpt":{"rendered":"<p>La marchista ecuatoriana Glenda Morej\u00f3n gan\u00f3 medalla de oro en los 10 000 metros en el Campeonato Panamericano de Atletismo<\/p>\n","protected":false},"author":1,"featured_media":17744,"comment_status":"closed","ping_status":"closed","sticky":false,"template":"","format":"standard","meta":{"footnotes":""},"categories":[10],"tags":[],"_links":{"self":[{"href":"https:\/\/www.ecuadoraldia.com.ec\/index.php?rest_route=\/wp\/v2\/posts\/17743"}],"collection":[{"href":"https:\/\/www.ecuadoraldia.com.ec\/index.php?rest_route=\/wp\/v2\/posts"}],"about":[{"href":"https:\/\/www.ecuadoraldia.com.ec\/index.php?rest_route=\/wp\/v2\/types\/post"}],"author":[{"embeddable":true,"href":"https:\/\/www.ecuadoraldia.com.ec\/index.php?rest_route=\/wp\/v2\/users\/1"}],"replies":[{"embeddable":true,"href":"https:\/\/www.ecuadoraldia.com.ec\/index.php?rest_route=%2Fwp%2Fv2%2Fcomments&post=17743"}],"version-history":[{"count":3,"href":"https:\/\/www.ecuadoraldia.com.ec\/index.php?rest_route=\/wp\/v2\/posts\/17743\/revisions"}],"predecessor-version":[{"id":17747,"href":"https:\/\/www.ecuadoraldia.com.ec\/index.php?rest_route=\/wp\/v2\/posts\/17743\/revisions\/17747"}],"wp:featuredmedia":[{"embeddable":true,"href":"https:\/\/www.ecuadoraldia.com.ec\/index.php?rest_route=\/wp\/v2\/media\/17744"}],"wp:attachment":[{"href":"https:\/\/www.ecuadoraldia.com.ec\/index.php?rest_route=%2Fwp%2Fv2%2Fmedia&parent=17743"}],"wp:term":[{"taxonomy":"category","embeddable":true,"href":"https:\/\/www.ecuadoraldia.com.ec\/index.php?rest_route=%2Fwp%2Fv2%2Fcategories&post=17743"},{"taxonomy":"post_tag","embeddable":true,"href":"https:\/\/www.ecuadoraldia.com.ec\/index.php?rest_route=%2Fwp%2Fv2%2Ftags&post=17743"}],"curies":[{"name":"wp","href":"https:\/\/api.w.org\/{rel}","templated":true}]}}