{"id":17753,"date":"2019-07-22T14:21:43","date_gmt":"2019-07-22T19:21:43","guid":{"rendered":"http:\/\/www.ecuadoraldia.com.ec\/?p=17753"},"modified":"2019-07-22T14:21:43","modified_gmt":"2019-07-22T19:21:43","slug":"rocentro-el-dorado-da-la-bienvenida-a-think-apple-premium-reseller","status":"publish","type":"post","link":"https:\/\/www.ecuadoraldia.com.ec\/?p=17753","title":{"rendered":"Rocentro El Dorado Da La Bienvenida A \u201cThink\u201d Apple Premium Reseller"},"content":{"rendered":"<p><a href=\"http:\/\/www.ecuadoraldia.com.ec\/wp-content\/uploads\/2019\/07\/THINK.jpeg\"><img loading=\"lazy\" decoding=\"async\" class=\"alignleft size-medium wp-image-17754\" src=\"http:\/\/www.ecuadoraldia.com.ec\/wp-content\/uploads\/2019\/07\/THINK-300x167.jpeg\" alt=\"\" width=\"300\" height=\"167\" srcset=\"https:\/\/www.ecuadoraldia.com.ec\/wp-content\/uploads\/2019\/07\/THINK-300x167.jpeg 300w, https:\/\/www.ecuadoraldia.com.ec\/wp-content\/uploads\/2019\/07\/THINK.jpeg 640w\" sizes=\"(max-width: 300px) 100vw, 300px\" \/><\/a><\/p>\n<p>Guayaquil, lunes 22 de julio 2019.- Riocentro El Dorado, abre sus puertas a THINK, la cadena de tiendas Apple Premium Reseller, que inaugur\u00f3 su cuarta tienda en el pa\u00eds, este julio.<\/p>\n<p>Los amantes de la tecnolog\u00eda podr\u00e1n encontrar en THINK, todo el portafolio de productos y accesorios Apple, que cumplen con los est\u00e1ndares y calidad con los que cuenta una tienda de la firma estadounidense. De la misma manera, THINK cuenta con una amplia disponibilidad de productos de terceros, aprobados y certificados por Apple.<\/p>\n<p>La tienda THINK en Riocentro El Dorado, ha sido pensada y dise\u00f1ada para entregar una experiencia total de primera: comodidad y servicio personalizado. Adem\u00e1s se cuida a detalle cada rinc\u00f3n de la tienda, lo que permite brindar a sus clientes un servicio de calidad.<\/p>\n<p>Los horarios en los que se brindar\u00e1 atenci\u00f3n al p\u00fablico dentro de Riocentro El Dorado son:<br \/>\nDe lunes a jueves de 10h00 a 21h00<br \/>\nViernes y s\u00e1bado de 10h00 a 22h00<br \/>\nDomingos de 10h30 a 21h00.<\/p>\n<p>Con esta apertura, Riocentro El Dorado ratifica su compromiso por seguir ofreciendo comodidad y variedad a todos sus p\u00fablicos, con la finalidad de convertirse en el mejor destino para ir de compras.<br \/>\nSobre la marca:<\/p>\n<p>Riocentro Shopping es la cadena m\u00e1s grande de centros comerciales premium del pa\u00eds. Cuenta con una de las m\u00e1s grandes cadenas de supermercados, jugueter\u00edas, home center y tiendas departamentales. Adem\u00e1s de salas de cine, patio de comidas, restaurantes, bancos y los m\u00e1s variados locales e islas.<\/p>\n<p>Cada Riocentro Shopping se encuentra ubicado en distintos puntos estrat\u00e9gicos de la ciudad de Guayaquil, ofreciendo comodidad y variedad a todos sus p\u00fablicos a trav\u00e9s de distintas alternativas previstas desde los m\u00e1s peque\u00f1os hasta los m\u00e1s grandes de la familia. (Carolin Garz\u00f3n)<\/p>\n","protected":false},"excerpt":{"rendered":"<p>Guayaquil, lunes 22 de julio 2019.- Riocentro El Dorado, abre sus puertas a THINK, la cadena de tiendas Apple Premium<\/p>\n","protected":false},"author":1,"featured_media":17754,"comment_status":"closed","ping_status":"closed","sticky":false,"template":"","format":"standard","meta":{"footnotes":""},"categories":[9],"tags":[],"_links":{"self":[{"href":"https:\/\/www.ecuadoraldia.com.ec\/index.php?rest_route=\/wp\/v2\/posts\/17753"}],"collection":[{"href":"https:\/\/www.ecuadoraldia.com.ec\/index.php?rest_route=\/wp\/v2\/posts"}],"about":[{"href":"https:\/\/www.ecuadoraldia.com.ec\/index.php?rest_route=\/wp\/v2\/types\/post"}],"author":[{"embeddable":true,"href":"https:\/\/www.ecuadoraldia.com.ec\/index.php?rest_route=\/wp\/v2\/users\/1"}],"replies":[{"embeddable":true,"href":"https:\/\/www.ecuadoraldia.com.ec\/index.php?rest_route=%2Fwp%2Fv2%2Fcomments&post=17753"}],"version-history":[{"count":1,"href":"https:\/\/www.ecuadoraldia.com.ec\/index.php?rest_route=\/wp\/v2\/posts\/17753\/revisions"}],"predecessor-version":[{"id":17755,"href":"https:\/\/www.ecuadoraldia.com.ec\/index.php?rest_route=\/wp\/v2\/posts\/17753\/revisions\/17755"}],"wp:featuredmedia":[{"embeddable":true,"href":"https:\/\/www.ecuadoraldia.com.ec\/index.php?rest_route=\/wp\/v2\/media\/17754"}],"wp:attachment":[{"href":"https:\/\/www.ecuadoraldia.com.ec\/index.php?rest_route=%2Fwp%2Fv2%2Fmedia&parent=17753"}],"wp:term":[{"taxonomy":"category","embeddable":true,"href":"https:\/\/www.ecuadoraldia.com.ec\/index.php?rest_route=%2Fwp%2Fv2%2Fcategories&post=17753"},{"taxonomy":"post_tag","embeddable":true,"href":"https:\/\/www.ecuadoraldia.com.ec\/index.php?rest_route=%2Fwp%2Fv2%2Ftags&post=17753"}],"curies":[{"name":"wp","href":"https:\/\/api.w.org\/{rel}","templated":true}]}}