{"id":17759,"date":"2019-07-22T16:29:51","date_gmt":"2019-07-22T21:29:51","guid":{"rendered":"http:\/\/www.ecuadoraldia.com.ec\/?p=17759"},"modified":"2019-07-22T16:29:51","modified_gmt":"2019-07-22T21:29:51","slug":"mtop-y-afd-firmaron-convenio-de-cooperacion-para-el-impulso-del-plan-nacional-de-movilidad-urbana-sostenible","status":"publish","type":"post","link":"https:\/\/www.ecuadoraldia.com.ec\/?p=17759","title":{"rendered":"MTOP y AFD firmaron convenio de cooperaci\u00f3n para el impulso del Plan Nacional de Movilidad Urbana Sostenible"},"content":{"rendered":"<p><a href=\"http:\/\/www.ecuadoraldia.com.ec\/wp-content\/uploads\/2019\/07\/mtop2.jpg\"><img loading=\"lazy\" decoding=\"async\" class=\"alignleft size-medium wp-image-17760\" src=\"http:\/\/www.ecuadoraldia.com.ec\/wp-content\/uploads\/2019\/07\/mtop2-300x146.jpg\" alt=\"\" width=\"300\" height=\"146\" srcset=\"https:\/\/www.ecuadoraldia.com.ec\/wp-content\/uploads\/2019\/07\/mtop2-300x146.jpg 300w, https:\/\/www.ecuadoraldia.com.ec\/wp-content\/uploads\/2019\/07\/mtop2-768x373.jpg 768w, https:\/\/www.ecuadoraldia.com.ec\/wp-content\/uploads\/2019\/07\/mtop2.jpg 799w\" sizes=\"(max-width: 300px) 100vw, 300px\" \/><\/a><\/p>\n<p>Ministro Aurelio Hidalgo firma convenio de cooperaci\u00f3n junto a C\u00e9line Bernadat, directora de la Agencia Francesa<br \/>\npara el Desarrollo (e).<\/p>\n<p>El Ministro de Transporte y Obras P\u00fablicas, Aurelio Hidalgo y C\u00e9line Bernadat, directora de la Agencia Francesa para el Desarrollo (e) firmaron el convenio por un monto de 500.000 euros no reembolsables para el desarrollo del Plan Nacional de Movilidad Urbana Sostenible del Ecuador, en el marco del programa EUROCLIMA+.<\/p>\n<p>La propuesta presentada por los ministerios de Transporte y Obras P\u00fablicas (MTOP) y del Ambiente de Ecuador, en conjunto con la Agencia Francesa de Desarrollo, obtuvo el primer lugar entre 18 pa\u00edses de Am\u00e9rica Latina. El programa tiene un objetivo principal de contribuir a la sostenibilidad ambiental y al desarrollo resiliente al cambio<br \/>\nclim\u00e1tico en Latinoam\u00e9rica, a fin de cumplir con los compromisos adquiridos en el Acuerdo de Par\u00eds y con la contribuci\u00f3n a escala nacional.<\/p>\n<p>En la actualidad, el sector del transporte en Ecuador demanda el 42% de la energ\u00eda producida e importada, y emite el 39% de Gases de Efecto Invernadero (GEI). Del mismo modo, el 86% de emisiones que se producen en este sector corresponde al transporte terrestre (Balance Energ\u00e9tico nacional, 2015).<\/p>\n<p>En este sentido, el Plan Nacional de Movilidad Urbana Sostenible plantea iniciativas de mejoramiento de tecnolog\u00edas en el transporte de pasajeros, carga y veh\u00edculos privados; optimizaci\u00f3n de la operaci\u00f3n del transporte p\u00fablico; fomento en el uso de transporte no motorizado; mecanismos e incentivos econ\u00f3micos para la reducci\u00f3n de GEI; planificaci\u00f3n del uso de suelo y de la movilidad urbana; pol\u00edticas de aparcamiento; priorizaci\u00f3n del trasporte p\u00fablico y no motorizado en la infraestructura existente; y, desarrollo de pol\u00edticas p\u00fablicas que permitan la implementaci\u00f3n de las medidas.<\/p>\n<p>Para la embajadora de la Uni\u00f3n Europea, Marianne Van Steen, es importante generar acciones para la lucha contra el cambio clim\u00e1tico. \u201cTenemos que bajar las emisiones de gases en un 40%, cambiar la matriz energ\u00e9tica con 27% de energ\u00eda renovable e incrementar su eficiencia\u201d, acot\u00f3.<\/p>\n<p>Adem\u00e1s, sostuvo que el apoyo financiero para Am\u00e9rica del Sur est\u00e1 dentro del programa Euroclima para ejecutar los compromisos de movilidad urbana entre los gobiernos de Francia y Ecuador: \u201cEl transporte urbano es una prioridad y estoy feliz de trabajar conjuntamente con el MTOP\u201d, asegur\u00f3 De su parte, el embajador de Francia en Ecuador, Jean Baptiste Chauvin, destac\u00f3 que esta alianza se afianz\u00f3 tras el encuentro entre los presidentes de rancia mmanuel Macron y de Ecuador Len\u00edn Moreno. \u201cLa Lucha Contra el Cambio Clim\u00e1tico tiene que desarrollarse con pol\u00edticas m\u00e1s amigables con el medio ambiente\u201d, subray\u00f3.<\/p>\n<p>Finalmente, el titular del MTOP, Aurelio Hidalgo, aplaudi\u00f3 esta propuesta de Movilidad Sostenible, pues evidencia el inter\u00e9s del Gobierno Nacional de impulsar planes, proyectos y pol\u00edticas p\u00fablicas a favor del medio ambiente. \u201cEl objetivo es contar con un ambiente m\u00e1s sano para futuras generaciones\u00bb, finaliz\u00f3.<\/p>\n<p>El MTOP cumple con su obligaci\u00f3n de construir un Ecuador seguro, solidario, eficiente<br \/>\ny comprometido con el cuidado del medio ambiente. (Mtop)<\/p>\n","protected":false},"excerpt":{"rendered":"<p>Ministro Aurelio Hidalgo firma convenio de cooperaci\u00f3n junto a C\u00e9line Bernadat, directora de la Agencia Francesa para el Desarrollo (e).<\/p>\n","protected":false},"author":1,"featured_media":17760,"comment_status":"closed","ping_status":"closed","sticky":false,"template":"","format":"standard","meta":{"footnotes":""},"categories":[1],"tags":[],"_links":{"self":[{"href":"https:\/\/www.ecuadoraldia.com.ec\/index.php?rest_route=\/wp\/v2\/posts\/17759"}],"collection":[{"href":"https:\/\/www.ecuadoraldia.com.ec\/index.php?rest_route=\/wp\/v2\/posts"}],"about":[{"href":"https:\/\/www.ecuadoraldia.com.ec\/index.php?rest_route=\/wp\/v2\/types\/post"}],"author":[{"embeddable":true,"href":"https:\/\/www.ecuadoraldia.com.ec\/index.php?rest_route=\/wp\/v2\/users\/1"}],"replies":[{"embeddable":true,"href":"https:\/\/www.ecuadoraldia.com.ec\/index.php?rest_route=%2Fwp%2Fv2%2Fcomments&post=17759"}],"version-history":[{"count":1,"href":"https:\/\/www.ecuadoraldia.com.ec\/index.php?rest_route=\/wp\/v2\/posts\/17759\/revisions"}],"predecessor-version":[{"id":17761,"href":"https:\/\/www.ecuadoraldia.com.ec\/index.php?rest_route=\/wp\/v2\/posts\/17759\/revisions\/17761"}],"wp:featuredmedia":[{"embeddable":true,"href":"https:\/\/www.ecuadoraldia.com.ec\/index.php?rest_route=\/wp\/v2\/media\/17760"}],"wp:attachment":[{"href":"https:\/\/www.ecuadoraldia.com.ec\/index.php?rest_route=%2Fwp%2Fv2%2Fmedia&parent=17759"}],"wp:term":[{"taxonomy":"category","embeddable":true,"href":"https:\/\/www.ecuadoraldia.com.ec\/index.php?rest_route=%2Fwp%2Fv2%2Fcategories&post=17759"},{"taxonomy":"post_tag","embeddable":true,"href":"https:\/\/www.ecuadoraldia.com.ec\/index.php?rest_route=%2Fwp%2Fv2%2Ftags&post=17759"}],"curies":[{"name":"wp","href":"https:\/\/api.w.org\/{rel}","templated":true}]}}