{"id":17765,"date":"2019-07-30T14:38:14","date_gmt":"2019-07-30T19:38:14","guid":{"rendered":"http:\/\/www.ecuadoraldia.com.ec\/?p=17765"},"modified":"2019-07-30T14:38:14","modified_gmt":"2019-07-30T19:38:14","slug":"el-gobierno-envio-al-legislativo-reformas-a-la-ley-de-movilidad","status":"publish","type":"post","link":"https:\/\/www.ecuadoraldia.com.ec\/?p=17765","title":{"rendered":"El Gobierno envi\u00f3 al Legislativo Reformas a la Ley de Movilidad"},"content":{"rendered":"<p><a href=\"http:\/\/www.ecuadoraldia.com.ec\/wp-content\/uploads\/2019\/07\/deportaciones.jpg\"><img loading=\"lazy\" decoding=\"async\" class=\"alignleft size-medium wp-image-17766\" src=\"http:\/\/www.ecuadoraldia.com.ec\/wp-content\/uploads\/2019\/07\/deportaciones-300x162.jpg\" alt=\"\" width=\"300\" height=\"162\" srcset=\"https:\/\/www.ecuadoraldia.com.ec\/wp-content\/uploads\/2019\/07\/deportaciones-300x162.jpg 300w, https:\/\/www.ecuadoraldia.com.ec\/wp-content\/uploads\/2019\/07\/deportaciones.jpg 530w\" sizes=\"(max-width: 300px) 100vw, 300px\" \/><\/a><\/p>\n<p>Quito,30 de julio de 2019 &#8211; Los ministros de Gobierno y Relaciones Exteriores, entregaron hoy a la Asamblea el proyecto de reforma a la Ley Org\u00e1nica de Movilidad Humana que busca regularizar los procesos migratorios. En esta propuesta se actualizan algunos de los contenidos de la Ley de Movilidad expedida en el 2017.<\/p>\n<p>La Ministra de Gobierno Mar\u00eda Paula Romo explic\u00f3 que se revisa el cap\u00edtulo que tiene relaci\u00f3n con el tratamiento a los ciudadanos de la Uni\u00f3n de Naciones Suramericanas (Unasur), grupo del que Ecuador ya no forma parte. Adem\u00e1s, la funcionaria recalc\u00f3 que la reforma mejora los procedimientos para deportar a los ciudadanos extranjeros que cometan delitos en el Ecuador.<\/p>\n<p>\u00abEste es el mensaje que tiene que quedar claro. Hay una manera de tratar a las personas que vienen al Ecuador y cumplen con la ley, se incorporan a los procedimientos y obligaciones que el Estado impone, pero hay un tratamiento completamente distinto a las personas que violen la ley\u00bb, subray\u00f3 la ministra. Se\u00f1al\u00f3 que en la legislaci\u00f3n vigente los procedimientos para sancionar y deportar a extranjeros que violan la ley son engorrosos, largos y casi imposibles de cumplir.<br \/>\nAsever\u00f3 que esta es otra de las medidas importantes, en consecuencia con el anuncio que hizo el presidente Len\u00edn Moreno de una amnist\u00eda para los venezolanos que ya residen en el Ecuador.<\/p>\n<p>El canciller Jos\u00e9 Valencia recalc\u00f3 que la actualizaci\u00f3n de este cuerpo legal es vital para la aplicaci\u00f3n de las pol\u00edticas p\u00fablicas que buscan que la movilidad humana en lo que se refiere al Ecuador sea ordena, regular y segura. De esta manera, el Estado ecuatoriano est\u00e1 cumpliendo las disposiciones de la Constituci\u00f3n de la Rep\u00fablica y, por supuesto, tambi\u00e9n representa la materializaci\u00f3n del pensamiento del gobierno presidente Len\u00edn Moreno en bienestar de la colectividad ecuatoriana, dijo Valencia.<\/p>\n<p>El titular de la Asamblea, C\u00e9sar Litardo, recibi\u00f3 el proyecto y dijo que ser\u00e1 una de las prioridades que tendr\u00e1 la Asamblea para las pr\u00f3ximas semanas y le dar\u00e1n el tratamiento de manera inmediata. El 24 de julio, la ministra Romo anunci\u00f3 que el Gobierno busca aumentar los controles al ingreso de extranjeros al pa\u00eds. Ese d\u00eda inform\u00f3 que tres integrantes del grupo terrorista Estado Isl\u00e1mico (ISIS, por sus siglas en ingl\u00e9s) ingresaron a Am\u00e9rica a trav\u00e9s de Ecuador y luego fueron detenidos en Nicaragua.<\/p>\n<p>El 25 de julio, el Ejecutivo emiti\u00f3 un decreto que dispone medidas frente a la emergencia migratoria de venezolanos en el Ecuador. (I) Lectura estimada: 2 minutos Contiene: 451 palabras Visitas: 183 Tags: Ecuador reforma procesos extranjeros violaci\u00f3n ley de movilidad humana Mar\u00eda Paula Romo jose valencia Asamblea Enlace corto:<\/p>\n<p>&nbsp;<\/p>\n","protected":false},"excerpt":{"rendered":"<p>Quito,30 de julio de 2019 &#8211; Los ministros de Gobierno y Relaciones Exteriores, entregaron hoy a la Asamblea el proyecto<\/p>\n","protected":false},"author":1,"featured_media":17766,"comment_status":"closed","ping_status":"closed","sticky":false,"template":"","format":"standard","meta":{"footnotes":""},"categories":[3,4],"tags":[],"_links":{"self":[{"href":"https:\/\/www.ecuadoraldia.com.ec\/index.php?rest_route=\/wp\/v2\/posts\/17765"}],"collection":[{"href":"https:\/\/www.ecuadoraldia.com.ec\/index.php?rest_route=\/wp\/v2\/posts"}],"about":[{"href":"https:\/\/www.ecuadoraldia.com.ec\/index.php?rest_route=\/wp\/v2\/types\/post"}],"author":[{"embeddable":true,"href":"https:\/\/www.ecuadoraldia.com.ec\/index.php?rest_route=\/wp\/v2\/users\/1"}],"replies":[{"embeddable":true,"href":"https:\/\/www.ecuadoraldia.com.ec\/index.php?rest_route=%2Fwp%2Fv2%2Fcomments&post=17765"}],"version-history":[{"count":1,"href":"https:\/\/www.ecuadoraldia.com.ec\/index.php?rest_route=\/wp\/v2\/posts\/17765\/revisions"}],"predecessor-version":[{"id":17767,"href":"https:\/\/www.ecuadoraldia.com.ec\/index.php?rest_route=\/wp\/v2\/posts\/17765\/revisions\/17767"}],"wp:featuredmedia":[{"embeddable":true,"href":"https:\/\/www.ecuadoraldia.com.ec\/index.php?rest_route=\/wp\/v2\/media\/17766"}],"wp:attachment":[{"href":"https:\/\/www.ecuadoraldia.com.ec\/index.php?rest_route=%2Fwp%2Fv2%2Fmedia&parent=17765"}],"wp:term":[{"taxonomy":"category","embeddable":true,"href":"https:\/\/www.ecuadoraldia.com.ec\/index.php?rest_route=%2Fwp%2Fv2%2Fcategories&post=17765"},{"taxonomy":"post_tag","embeddable":true,"href":"https:\/\/www.ecuadoraldia.com.ec\/index.php?rest_route=%2Fwp%2Fv2%2Ftags&post=17765"}],"curies":[{"name":"wp","href":"https:\/\/api.w.org\/{rel}","templated":true}]}}