{"id":17798,"date":"2019-08-09T14:38:43","date_gmt":"2019-08-09T19:38:43","guid":{"rendered":"http:\/\/www.ecuadoraldia.com.ec\/?p=17798"},"modified":"2019-08-09T14:39:44","modified_gmt":"2019-08-09T19:39:44","slug":"las-impactantes-cifras-de-betty-la-fea-en-rating","status":"publish","type":"post","link":"https:\/\/www.ecuadoraldia.com.ec\/?p=17798","title":{"rendered":"Las impactantes cifras de \u2018Betty la fea\u2019 en rating"},"content":{"rendered":"<p><a href=\"http:\/\/www.ecuadoraldia.com.ec\/wp-content\/uploads\/2019\/08\/ana-maria-orozco-betty-la-fea.jpg\"><img loading=\"lazy\" decoding=\"async\" class=\"alignleft size-medium wp-image-17799\" src=\"http:\/\/www.ecuadoraldia.com.ec\/wp-content\/uploads\/2019\/08\/ana-maria-orozco-betty-la-fea-300x169.jpg\" alt=\"\" width=\"300\" height=\"169\" srcset=\"https:\/\/www.ecuadoraldia.com.ec\/wp-content\/uploads\/2019\/08\/ana-maria-orozco-betty-la-fea-300x169.jpg 300w, https:\/\/www.ecuadoraldia.com.ec\/wp-content\/uploads\/2019\/08\/ana-maria-orozco-betty-la-fea-768x432.jpg 768w, https:\/\/www.ecuadoraldia.com.ec\/wp-content\/uploads\/2019\/08\/ana-maria-orozco-betty-la-fea.jpg 990w\" sizes=\"(max-width: 300px) 100vw, 300px\" \/><\/a><\/p>\n<p>Solo una producci\u00f3n manda en Colombia. Los televidentes de Caracol y RCN en las \u00faltimas semanas dieron su veredicto final sobre cu\u00e1l es su formato de televisi\u00f3n favorito en cuanto a rating se refiere.<\/p>\n<p>A pesar de la variada oferta que ofrecen los diferentes medios nacionales, los colombianos se quedaron con un cl\u00e1sico entre sus producciones favoritas.<\/p>\n<p>Seg\u00fan el m\u00e1s reciente informe de Kantar Ibope, compa\u00f1\u00eda que se encarga de medir y analizar el rating en Latinoam\u00e9rica, la producci\u00f3n que ahora lidera el listado de rating en Colombia es \u2018Yo soy Betty la fea\u2019, la novela del Canal RCN que volvi\u00f3 para conquistar a los televidentes.<\/p>\n<p>La telenovela escrita por Fernando Gait\u00e1n, ocup\u00f3 el primer lugar gracias a los 14,8 puntos que obtuvo. Superando a formatos que ven\u00edan liderando como \u2018Un Bandido Honrado\u2019 y \u2018Desaf\u00edo S\u00faper Regiones\u2019.<br \/>\nAs\u00ed qued\u00f3 el rating el 8 de agosto8 (Microsoft)<\/p>\n<p><a href=\"http:\/\/www.ecuadoraldia.com.ec\/wp-content\/uploads\/2019\/08\/bf.jpg\"><img loading=\"lazy\" decoding=\"async\" class=\"alignleft size-medium wp-image-17800\" src=\"http:\/\/www.ecuadoraldia.com.ec\/wp-content\/uploads\/2019\/08\/bf-300x260.jpg\" alt=\"\" width=\"300\" height=\"260\" srcset=\"https:\/\/www.ecuadoraldia.com.ec\/wp-content\/uploads\/2019\/08\/bf-300x260.jpg 300w, https:\/\/www.ecuadoraldia.com.ec\/wp-content\/uploads\/2019\/08\/bf.jpg 680w\" sizes=\"(max-width: 300px) 100vw, 300px\" \/><\/a><\/p>\n","protected":false},"excerpt":{"rendered":"<p>Solo una producci\u00f3n manda en Colombia. Los televidentes de Caracol y RCN en las \u00faltimas semanas dieron su veredicto final<\/p>\n","protected":false},"author":1,"featured_media":17799,"comment_status":"closed","ping_status":"closed","sticky":false,"template":"","format":"standard","meta":{"footnotes":""},"categories":[1],"tags":[],"_links":{"self":[{"href":"https:\/\/www.ecuadoraldia.com.ec\/index.php?rest_route=\/wp\/v2\/posts\/17798"}],"collection":[{"href":"https:\/\/www.ecuadoraldia.com.ec\/index.php?rest_route=\/wp\/v2\/posts"}],"about":[{"href":"https:\/\/www.ecuadoraldia.com.ec\/index.php?rest_route=\/wp\/v2\/types\/post"}],"author":[{"embeddable":true,"href":"https:\/\/www.ecuadoraldia.com.ec\/index.php?rest_route=\/wp\/v2\/users\/1"}],"replies":[{"embeddable":true,"href":"https:\/\/www.ecuadoraldia.com.ec\/index.php?rest_route=%2Fwp%2Fv2%2Fcomments&post=17798"}],"version-history":[{"count":2,"href":"https:\/\/www.ecuadoraldia.com.ec\/index.php?rest_route=\/wp\/v2\/posts\/17798\/revisions"}],"predecessor-version":[{"id":17802,"href":"https:\/\/www.ecuadoraldia.com.ec\/index.php?rest_route=\/wp\/v2\/posts\/17798\/revisions\/17802"}],"wp:featuredmedia":[{"embeddable":true,"href":"https:\/\/www.ecuadoraldia.com.ec\/index.php?rest_route=\/wp\/v2\/media\/17799"}],"wp:attachment":[{"href":"https:\/\/www.ecuadoraldia.com.ec\/index.php?rest_route=%2Fwp%2Fv2%2Fmedia&parent=17798"}],"wp:term":[{"taxonomy":"category","embeddable":true,"href":"https:\/\/www.ecuadoraldia.com.ec\/index.php?rest_route=%2Fwp%2Fv2%2Fcategories&post=17798"},{"taxonomy":"post_tag","embeddable":true,"href":"https:\/\/www.ecuadoraldia.com.ec\/index.php?rest_route=%2Fwp%2Fv2%2Ftags&post=17798"}],"curies":[{"name":"wp","href":"https:\/\/api.w.org\/{rel}","templated":true}]}}