{"id":17806,"date":"2019-08-09T14:49:06","date_gmt":"2019-08-09T19:49:06","guid":{"rendered":"http:\/\/www.ecuadoraldia.com.ec\/?p=17806"},"modified":"2019-08-09T14:53:49","modified_gmt":"2019-08-09T19:53:49","slug":"parada-militar-en-quito-se-realizo-en-el-sur","status":"publish","type":"post","link":"https:\/\/www.ecuadoraldia.com.ec\/?p=17806","title":{"rendered":"Parada militar en Quito se realiz\u00f3 en el Sur"},"content":{"rendered":"<p><a href=\"http:\/\/www.ecuadoraldia.com.ec\/wp-content\/uploads\/2019\/08\/parada-militar-en-quito-ima.jpg\"><img loading=\"lazy\" decoding=\"async\" class=\"alignleft size-medium wp-image-17807\" src=\"http:\/\/www.ecuadoraldia.com.ec\/wp-content\/uploads\/2019\/08\/parada-militar-en-quito-ima-300x199.jpg\" alt=\"\" width=\"300\" height=\"199\" srcset=\"https:\/\/www.ecuadoraldia.com.ec\/wp-content\/uploads\/2019\/08\/parada-militar-en-quito-ima-300x199.jpg 300w, https:\/\/www.ecuadoraldia.com.ec\/wp-content\/uploads\/2019\/08\/parada-militar-en-quito-ima.jpg 682w\" sizes=\"(max-width: 300px) 100vw, 300px\" \/><\/a><\/p>\n<p>La tradicional parada militar en conmemoraci\u00f3n a la gesta hist\u00f3rica del 10 de agosto de 1809, cambi\u00f3 de lugar este 2019. Siemore se la realiza al norte, pero esta vez se hizo en el sur, avenida teniente Hugo Ort\u00edz.<\/p>\n<p>El acto organizado por las Fuerzas Armadas empez\u00f3 con los \u00absaludos reglamentarios\u00bb que presentaron los comandantes del Ej\u00e9rcito, Marina, Aviaci\u00f3n y otras autoridades militares al presidente Len\u00edn Moreno en el pie de la Tribuna del Sur, en la avenida Teniente Hugo Ortiz.<\/p>\n<p>Participaron 1.200 militares en representaci\u00f3n de las principales unidades y grupos de las Fuerzas Armadas.<\/p>\n<p>Durante el acto, en el que se habl\u00f3 de confianza en el porvenir, hero\u00edsmo, esperanza, coraje, lealtad y voluntad, se record\u00f3 tambi\u00e9n a los veteranos del Ej\u00e9rcito y a quienes participaron en la guerra del Cenepa, que antecedi\u00f3 a la firma de la paz entre Ecuador y Per\u00fa hace m\u00e1s de veinte a\u00f1os, cuando las fronteras quedaron delimitadas definitivamente.<\/p>\n<p>\u00abLa mujer militar aporta con capacidad y dedicaci\u00f3n, adem\u00e1s de conocimientos especializados, necesarios para el cumplimiento de las misiones constitucionales\u00bb, se\u00f1alaron durante el desfile en el que tambi\u00e9n participaron las enroladas en las Fuerzas Armadas.<\/p>\n<p>En el desfile se pudo apreciar, igualmente, equipamiento militar, veh\u00edculos y tanquetas del Ej\u00e9rcito, que desfilaron en una ma\u00f1ana en la que, adem\u00e1s, se escuch\u00f3 m\u00fasica entonada por bandas militares. El jueves, en otra celebraci\u00f3n por el aniversario, el presidente Moreno revel\u00f3 que el Estado ecuatoriano invirti\u00f3 en los dos \u00faltimos a\u00f1os un total de $ 355 millones en las Fuerzas Armadas.<\/p>\n<p>\u00abEs la primera vez que se realiza una Parada Militar por el 10 de agosto en Quito y buscaremos que se la institucionalice. Anteriores paradas fueron por el 24 de Mayo\u00bb.<\/p>\n<p>&nbsp;<\/p>\n","protected":false},"excerpt":{"rendered":"<p>La tradicional parada militar en conmemoraci\u00f3n a la gesta hist\u00f3rica del 10 de agosto de 1809, cambi\u00f3 de lugar este<\/p>\n","protected":false},"author":1,"featured_media":17807,"comment_status":"closed","ping_status":"closed","sticky":false,"template":"","format":"standard","meta":{"footnotes":""},"categories":[1],"tags":[],"_links":{"self":[{"href":"https:\/\/www.ecuadoraldia.com.ec\/index.php?rest_route=\/wp\/v2\/posts\/17806"}],"collection":[{"href":"https:\/\/www.ecuadoraldia.com.ec\/index.php?rest_route=\/wp\/v2\/posts"}],"about":[{"href":"https:\/\/www.ecuadoraldia.com.ec\/index.php?rest_route=\/wp\/v2\/types\/post"}],"author":[{"embeddable":true,"href":"https:\/\/www.ecuadoraldia.com.ec\/index.php?rest_route=\/wp\/v2\/users\/1"}],"replies":[{"embeddable":true,"href":"https:\/\/www.ecuadoraldia.com.ec\/index.php?rest_route=%2Fwp%2Fv2%2Fcomments&post=17806"}],"version-history":[{"count":3,"href":"https:\/\/www.ecuadoraldia.com.ec\/index.php?rest_route=\/wp\/v2\/posts\/17806\/revisions"}],"predecessor-version":[{"id":17810,"href":"https:\/\/www.ecuadoraldia.com.ec\/index.php?rest_route=\/wp\/v2\/posts\/17806\/revisions\/17810"}],"wp:featuredmedia":[{"embeddable":true,"href":"https:\/\/www.ecuadoraldia.com.ec\/index.php?rest_route=\/wp\/v2\/media\/17807"}],"wp:attachment":[{"href":"https:\/\/www.ecuadoraldia.com.ec\/index.php?rest_route=%2Fwp%2Fv2%2Fmedia&parent=17806"}],"wp:term":[{"taxonomy":"category","embeddable":true,"href":"https:\/\/www.ecuadoraldia.com.ec\/index.php?rest_route=%2Fwp%2Fv2%2Fcategories&post=17806"},{"taxonomy":"post_tag","embeddable":true,"href":"https:\/\/www.ecuadoraldia.com.ec\/index.php?rest_route=%2Fwp%2Fv2%2Ftags&post=17806"}],"curies":[{"name":"wp","href":"https:\/\/api.w.org\/{rel}","templated":true}]}}