{"id":17821,"date":"2019-08-12T12:26:24","date_gmt":"2019-08-12T17:26:24","guid":{"rendered":"http:\/\/www.ecuadoraldia.com.ec\/?p=17821"},"modified":"2019-08-12T12:26:24","modified_gmt":"2019-08-12T17:26:24","slug":"bananeros-ecuatorianos-en-alerta-ante-llegada-de-hongo-fusarium-raza4%c2%b7","status":"publish","type":"post","link":"https:\/\/www.ecuadoraldia.com.ec\/?p=17821","title":{"rendered":"Bananeros ecuatorianos en alerta ante llegada de \u201cHongo Fusarium Raza4\u00b7"},"content":{"rendered":"<p><a href=\"http:\/\/www.ecuadoraldia.com.ec\/wp-content\/uploads\/2019\/08\/Bananas1.jpg\"><img loading=\"lazy\" decoding=\"async\" class=\"alignleft size-medium wp-image-17822\" src=\"http:\/\/www.ecuadoraldia.com.ec\/wp-content\/uploads\/2019\/08\/Bananas1-300x225.jpg\" alt=\"\" width=\"300\" height=\"225\" srcset=\"https:\/\/www.ecuadoraldia.com.ec\/wp-content\/uploads\/2019\/08\/Bananas1-300x225.jpg 300w, https:\/\/www.ecuadoraldia.com.ec\/wp-content\/uploads\/2019\/08\/Bananas1.jpg 460w\" sizes=\"(max-width: 300px) 100vw, 300px\" \/><\/a><\/p>\n<p>Guayaquil, lunes 12 de agosto de 2019. Ante la confirmaci\u00f3n de las autoridades colombianas de la presencia del hongo Fusarium Raza 4 o Mal de Panam\u00e1 en La Guajira, la Asociaci\u00f3n de Productores Bananeros del Ecuador alert\u00f3 que es necesario impulsar un cerco regional para evitar la propagaci\u00f3n del mal y activar los protocolos de bioseguridad en el pa\u00eds.<\/p>\n<p>Byron Paredes, presidente de la Asociaci\u00f3n de Productores de Banano del Ecuador, afirm\u00f3 que existe preocupaci\u00f3n en el sector del que dependen m\u00e1s de 3 millones de personas.<\/p>\n<p>\u00abAnte este diagn\u00f3stico seremos parte de la soluci\u00f3n, presentamos propuestas, hay que activar todos los protocolos y procedimientos en bioseguridad\u00bb, afirm\u00f3. Ello, dijo, tiene que ver con prevenci\u00f3n, control e investigaci\u00f3n cient\u00edfica.<\/p>\n<p>\u00abEl raza 4 ya ha afectado a m\u00e1s de 100.000 hect\u00e1reas en Asia, \u00c1frica. Australia logr\u00f3<\/p>\n<p>cercarse\u00bb. De acuerdo con Paredes, los protocolos deben aplicarse en puertos, aeropuertos ylos puntos fronterizos. \u00abSe debe empezar a incorporar propuestas, la nuestra es que jam\u00e1s debe ser qu\u00edmica, tiene que ser org\u00e1nica. Nosotros sabemos que con el uso de micro organismos org\u00e1nicos se puede ayudar a combatir el fusarium, que ataca en la sequedad\u00bb, alert\u00f3.<\/p>\n<p>Finalmente, Paredes record\u00f3 que en Machala se hizo una Asamblea con el cient\u00edfico ecuatoriano Carlos Falcon\u00ed, quien concuerda con la Aprobanec en la aplicaci\u00f3n de protocolos bioseguridad. El 21 de este mes se har\u00e1 un evento similar en Quevedo.<\/p>\n<p>RESOLUCIONES DE LA ASAMBLEA:<\/p>\n<p>1.- Desde la sociedad civil crear un COMIT\u00c9 DE CRISIS para demandar que<\/p>\n<p>a.- El Ministerio de Agricultura active un operativo PROTOCOLO DE PREVENCI\u00d3N ante los riesgos anotados.<\/p>\n<p>Dicho protocolo debe contemplar una soluci\u00f3n definitiva de CAR\u00c1CTER ORG\u00c1NICO, que neutralice al hongo y sus toxinas FOC &#8211; R4T y no \u00fanicamente aplicar desinfectantes o esterilizantes que nada aseguran. La soluci\u00f3n debe ser org\u00e1nica y jam\u00e1s qu\u00edmica, debido a que cualquier alternativa de car\u00e1cter qu\u00edmico (agrot\u00f3xico) afectar\u00e1 dram\u00e1ticamente la productividad de las plantaciones bananeras, como tambi\u00e9n la salud<\/p>\n<p>de los suelos, provocar\u00e1 un alto riesgo de que el hongo mute y se haga resistente a los qu\u00edmicos aplicados. En forma terminante debe impedirse la importaci\u00f3n de todo tipo de t\u00f3xicos letales que muy probablemente personas inescrupulosas buscaran hacer para aprovecharse corruptamente de la alarma causada por FOC -R4T.<\/p>\n<p>b.- En busca de neutralizar la acci\u00f3n del FOC &#8211; R4T, se deben GENERAR BARRERAS DE PROTECCI\u00d3N para<\/p>\n<p>que la enfermedad no llegue a las plantas, anulando la acci\u00f3n del hongo y su toxicidad. Este objetivo se puede lograr implementando mecanismos que permitan alcanzar un equilibrio nutricional eficiente en los suelos para que las bananeras y m\u00e1s mus\u00e1ceas incrementen su resistencia y productividad. Para ello, necesitamos de microorganismos que exterminen al hongo, anulen su toxina y su formulaci\u00f3n incluya otros componentes<\/p>\n<p>para que la planta se desarrolle eficientemente, incremente su rendimiento, de manera que el productor pueda contar con RECURSOS ECONOMICOS ADICIONALES para fortalecer la prevenci\u00f3n de tan devastadora enfermedad.<\/p>\n<p>c.- Los programas gubernamentales deben ser totalmente incluyentes, sin soslayar la presencia de ning\u00fan sector, porque solo podr\u00e1n lograrse los objetivos que demanda la aut\u00e9ntica emergencia nacional, capacitando a todos los funcionarios p\u00fablicos y t\u00e9cnicos privados en la aplicaci\u00f3n de las medidas necesarias.<\/p>\n<p>2.- Que con presencia tripartita &#8211; productores, exportadores y gobierno &#8211; sea creado el INSTITUTO<\/p>\n<p>NACIONAL DEL BANANO \u2013 INEBAN o Instituto Nacional de Mus\u00e1ceas, para<\/p>\n<p>a.- Desarrollar pol\u00edticas que respondan localmente a la realidad productiva.<\/p>\n<p>b.- Que en FORMA PERMANENTE se investigue las mus\u00e1ceas (plantas con resistencia al FOC R4T) y a la vez se monitoreen las \u00e1reas de producci\u00f3n y las labores culturales de cada localidad en riesgo y adem\u00e1s, permanentemente sean monitoreadas las distorsiones de mercados y precios, como tambi\u00e9n las maniobras corruptas y desleales de los \u201cpiratas\u201d del negocio.<\/p>\n<p>c.- El INEBAN debe implementar una permanente e integral investigaci\u00f3n del desarrollo de las mus\u00e1ceas,<\/p>\n<p>iniciando labores en sus laboratorios que permitan el rescate de clones de diferentes bananos del grupo cavendish resistentes al FOC R4T, con opci\u00f3n a ser activados, con el fin de luego multiplicarlos mediante clonaci\u00f3n.<\/p>\n<p>d.- Que se priorice la producci\u00f3n org\u00e1nica en general teniendo en cuenta las vitroplantas que respondan a producciones org\u00e1nicas.<\/p>\n<p>e.- Que sean priorizadas y aprovechadas las fortalezas sustentadas en la amplia experiencia del productor y los trabajadores agr\u00edcolas, facilitando apoyo financiero y t\u00e9cnico para que el agricultor fabrique bioproductos que le permitan nutrir suelos y plantas y a la par controlar plagas y enfermedades.<\/p>\n<p>3.- Que en forma inmediata, ante los riesgos inminentes que deben enfrentarse, el Presidente de la Rep\u00fablica, con la mayor sensibilidad, emita un Decreto Ejecutivo asignando los recursos econ\u00f3micos para financiar todas las medidas que la amenaza del FOC &#8211; R4T demanda, teniendo en cuenta que el banano semanalmente y por anticipado a su ejercicio econ\u00f3mico, aporta rentas al SRI cuantificadas anualmente en cuando menos USD 50 millones de d\u00f3lares y es base de la seguridad y soberan\u00eda alimentaria del Ecuador.<\/p>\n<p>4.- Que sea creada la Bolsa de Comercializaci\u00f3n de Agro para tranzar precios y vol\u00famenes de venta en base a las diferentes lonjas de mercado y reales cotizaciones referenciales nacionales e internacionales, con el prop\u00f3sito de darle m\u00e1rgenes de negociaci\u00f3n al agricultor.<\/p>\n<p>5.- Que sea creada la Empresa Estatal Minera como tiene Chile para sobre esa base armar un verdadero programa de explotaci\u00f3n minera responsable y de real beneficio para las miles de personas involucradas en la peque\u00f1a miner\u00eda y el pueblo ecuatoriano, como tambi\u00e9n para garantizar el respeto ambiental de nuestras monta\u00f1as, r\u00edos, tierras agr\u00edcolas, comunidades y el mar, que preserve de cualquier riesgo o contaminaci\u00f3n la producci\u00f3n agropecuaria; para lo cual, deben ser precauteladas las cuencas de los r\u00edos.<\/p>\n<p>6.- Que el Ministerio del Ambiente, en este mismo marco y necesidad, en forma inmediata implemente PLANES DE MANEJO INTEGRALES de las cuencas de nuestros R\u00edos<\/p>\n<p>7.- Que sean anuladas las concesiones privadas de los puertos, como la de Puerto Bol\u00edvar, por ser espacios donde el Estado y sus instituciones pierden el control soberano para el control total de sus actividades legales. M\u00e1s aun, cuando dicha concesi\u00f3n ha resultado, adem\u00e1s de inconstitucional e ilegal, un espacio de actividades m\u00e1s que sospechosas y atentatorias a los trabajadores portuarios, agricultores, exportadores, operadores portuarios y empresas de servicios complementarios, transportistas y la comunidad porte\u00f1a y orense. Debe anotarse que desde el 1 de marzo del 2017, cuando la multinacional Yiport ECU asumi\u00f3 la administraci\u00f3n del terminal mar\u00edtimo, seg\u00fan datos policiales, han sido incautadas m\u00e1s de 20 toneladas de droga, solo en Puerto Bol\u00edvar, perjudicando grandemente la honorabilidad, prestigio y garant\u00eda de nuestros agricultores.<\/p>\n<p>8.- Que a la brevedad posible sea aprobado por la Asamblea Nacional el referido Proyecto de \u201cLey del Banano, Pl\u00e1tano, Orito y Otras Mus\u00e1ceas\u201d.<\/p>\n<p>9.- Que el Ministerio de Agricultura a los productores y al pa\u00eds, INFORME DE MANERA DETALLADA las medidas adoptadas y la forma de inversi\u00f3n de los recursos a utilizarse en dichas medidas para enfrentar el FOC \u2013 R4T y, adem\u00e1s, que se conforme mesas de trabajo con la presencia, sin exclusi\u00f3n, de representantes de<\/p>\n<p>los agricultores y t\u00e9cnicos fitopat\u00f3logos de las universidades, centros de investigaci\u00f3n y m\u00e1s profesionales vinculados a estos objetivos de inter\u00e9s nacional.<\/p>\n<p>10.- Que a los laboratorios especializados el gobierno nacional les asignen recursos econ\u00f3micos para que contin\u00faen sus investigaciones sobre pat\u00f3genos y lo m\u00e1s importante, la identificaci\u00f3n o formulaci\u00f3n de una variedad resistente al FOC- R4T.<\/p>\n<p>11.- Que la mejor manera de neutralizar a la delincuencia, a la luz de la experiencia, solo es posible con la creaci\u00f3n de fuentes de trabajo (las que solo se generan con el fortalecimiento de la producci\u00f3n), as\u00ed como la incorporaci\u00f3n de la ciudadan\u00eda en las tareas de control social, se pide que, en la ruralidad, de manera obligatoria, las autoridades estructuren programas de acci\u00f3n con la participaci\u00f3n activa y directa de los agricultores.<\/p>\n<p>12.- Que se elabore y expida una Ley de Sustentaci\u00f3n de Costos, relacionada con los precios y mercados, para regular y formalizar la actividad, a la vez garantizar una vida digna para el agricultor, fortaleciendo, reconociendo y valorando con objetividad los trabajos agr\u00edcolas y los beneficios para el vast\u00edsimo conglomerado social inmerso en la actividad. (Mafer carvajal)<\/p>\n","protected":false},"excerpt":{"rendered":"<p>Guayaquil, lunes 12 de agosto de 2019. Ante la confirmaci\u00f3n de las autoridades colombianas de la presencia del hongo Fusarium<\/p>\n","protected":false},"author":1,"featured_media":17822,"comment_status":"closed","ping_status":"closed","sticky":false,"template":"","format":"standard","meta":{"footnotes":""},"categories":[9],"tags":[79],"_links":{"self":[{"href":"https:\/\/www.ecuadoraldia.com.ec\/index.php?rest_route=\/wp\/v2\/posts\/17821"}],"collection":[{"href":"https:\/\/www.ecuadoraldia.com.ec\/index.php?rest_route=\/wp\/v2\/posts"}],"about":[{"href":"https:\/\/www.ecuadoraldia.com.ec\/index.php?rest_route=\/wp\/v2\/types\/post"}],"author":[{"embeddable":true,"href":"https:\/\/www.ecuadoraldia.com.ec\/index.php?rest_route=\/wp\/v2\/users\/1"}],"replies":[{"embeddable":true,"href":"https:\/\/www.ecuadoraldia.com.ec\/index.php?rest_route=%2Fwp%2Fv2%2Fcomments&post=17821"}],"version-history":[{"count":1,"href":"https:\/\/www.ecuadoraldia.com.ec\/index.php?rest_route=\/wp\/v2\/posts\/17821\/revisions"}],"predecessor-version":[{"id":17823,"href":"https:\/\/www.ecuadoraldia.com.ec\/index.php?rest_route=\/wp\/v2\/posts\/17821\/revisions\/17823"}],"wp:featuredmedia":[{"embeddable":true,"href":"https:\/\/www.ecuadoraldia.com.ec\/index.php?rest_route=\/wp\/v2\/media\/17822"}],"wp:attachment":[{"href":"https:\/\/www.ecuadoraldia.com.ec\/index.php?rest_route=%2Fwp%2Fv2%2Fmedia&parent=17821"}],"wp:term":[{"taxonomy":"category","embeddable":true,"href":"https:\/\/www.ecuadoraldia.com.ec\/index.php?rest_route=%2Fwp%2Fv2%2Fcategories&post=17821"},{"taxonomy":"post_tag","embeddable":true,"href":"https:\/\/www.ecuadoraldia.com.ec\/index.php?rest_route=%2Fwp%2Fv2%2Ftags&post=17821"}],"curies":[{"name":"wp","href":"https:\/\/api.w.org\/{rel}","templated":true}]}}