{"id":17824,"date":"2019-08-14T14:27:48","date_gmt":"2019-08-14T19:27:48","guid":{"rendered":"http:\/\/www.ecuadoraldia.com.ec\/?p=17824"},"modified":"2019-08-14T14:27:48","modified_gmt":"2019-08-14T19:27:48","slug":"riocentro-promueve-el-arte-en-el-mes-de-agosto","status":"publish","type":"post","link":"https:\/\/www.ecuadoraldia.com.ec\/?p=17824","title":{"rendered":"Riocentro promueve el arte en el mes de agosto"},"content":{"rendered":"<figure id=\"attachment_17825\" aria-describedby=\"caption-attachment-17825\" style=\"width: 300px\" class=\"wp-caption alignleft\"><a href=\"http:\/\/www.ecuadoraldia.com.ec\/wp-content\/uploads\/2019\/08\/RC.jpg\"><img loading=\"lazy\" decoding=\"async\" class=\"size-medium wp-image-17825\" src=\"http:\/\/www.ecuadoraldia.com.ec\/wp-content\/uploads\/2019\/08\/RC-300x234.jpg\" alt=\"\" width=\"300\" height=\"234\" srcset=\"https:\/\/www.ecuadoraldia.com.ec\/wp-content\/uploads\/2019\/08\/RC-300x234.jpg 300w, https:\/\/www.ecuadoraldia.com.ec\/wp-content\/uploads\/2019\/08\/RC.jpg 653w\" sizes=\"(max-width: 300px) 100vw, 300px\" \/><\/a><figcaption id=\"caption-attachment-17825\" class=\"wp-caption-text\">volantes 15&#215;21<\/figcaption><\/figure>\n<p>Guayaquil, agosto 2019.- Riocentro Shopping la cadena de centros comerciales m\u00e1s importantes del pa\u00eds, durante el mes de agosto presentar\u00e1 dos shows de la compa\u00f1\u00eda de danza \u201cEn Avant\u201d en sus diferentes centros comerciales. Esta iniciativa nace con el fin de fomentar el amor por el arte, ya que las obras de danza que se presentar\u00e1n est\u00e1n dise\u00f1adas para que el p\u00fablico se sumerja en un mundo de fantas\u00edas y recuerden lo bonito que es so\u00f1ar.<\/p>\n<p>El show \u201cIt\u00b4s a small world after all\u201d representa un recorrido alrededor del mundo con paradas en los m\u00e1s ex\u00f3ticos destinos, que permitir\u00e1 vivir a todos los asistentes sensaciones m\u00e1gicas que har\u00e1n suspirar a m\u00e1s de uno. Posee escenarios que representan las diferentes ciudades, monumentos y paisajes del mundo. La obra es representada por ni\u00f1as de 3 hasta 15 a\u00f1os vestidas con trajes t\u00edpicos con muchos colores brillantes.<\/p>\n<p>Por otro lado, el show \u201cGuayaquil te quiero verde\u201d, busca reflejar el cansancio y la fragilidad del ecosistema de Guayaquil, pretende celebrar los colores de su naturaleza y a su vez generar conciencia hacia los Guayaquile\u00f1os para que conserven a la ciudad limpia y verde. Esta presentaci\u00f3n es un espect\u00e1culo de danza que fusiona varios ritmos como el ballet, jazz, contempor\u00e1neo y flamenco.<\/p>\n<p>Estas obras de danza se exhibir\u00e1n los d\u00edas jueves y viernes de agosto, a partir del 15 hasta el 31, desde las 18h00 en los diferentes centros comerciales de Riocentro Shopping:<\/p>\n<p>Riocentro Entre R\u00edos: Te quiero verde Guayaquil el 30 de agosto a las 18h30.<br \/>\nRiocentro Los Ceibos: It\u00b4s a small World after al el 15 de agosto a las 18h00 y Te quiero verde Guayaquil el 29 de agosto a las 18h30.<\/p>\n<p>Riocentro Sur: Te quiero verde Guayaquil el 16 de agosto a las 18h30.<br \/>\nRiocentro El Dorado: Te quiero verde Guayaquil el 22 de agosto a las 18h30.<br \/>\nRiocentro Norte: Te quiero verde Guayaquil el 23 de agosto a las 18h30.<\/p>\n<p>La compa\u00f1\u00eda de danza En Avant dise\u00f1\u00f3 estas obras de danza para que el p\u00fablico se sumerja en un mundo de fantas\u00eda y recuerden lo bonito que es so\u00f1ar. Logrando as\u00ed, el desarrollo de la cultura y el amor por el arte en la ciudad.<\/p>\n","protected":false},"excerpt":{"rendered":"<p>Guayaquil, agosto 2019.- Riocentro Shopping la cadena de centros comerciales m\u00e1s importantes del pa\u00eds, durante el mes de agosto presentar\u00e1<\/p>\n","protected":false},"author":1,"featured_media":17825,"comment_status":"closed","ping_status":"closed","sticky":false,"template":"","format":"standard","meta":{"footnotes":""},"categories":[1],"tags":[],"_links":{"self":[{"href":"https:\/\/www.ecuadoraldia.com.ec\/index.php?rest_route=\/wp\/v2\/posts\/17824"}],"collection":[{"href":"https:\/\/www.ecuadoraldia.com.ec\/index.php?rest_route=\/wp\/v2\/posts"}],"about":[{"href":"https:\/\/www.ecuadoraldia.com.ec\/index.php?rest_route=\/wp\/v2\/types\/post"}],"author":[{"embeddable":true,"href":"https:\/\/www.ecuadoraldia.com.ec\/index.php?rest_route=\/wp\/v2\/users\/1"}],"replies":[{"embeddable":true,"href":"https:\/\/www.ecuadoraldia.com.ec\/index.php?rest_route=%2Fwp%2Fv2%2Fcomments&post=17824"}],"version-history":[{"count":1,"href":"https:\/\/www.ecuadoraldia.com.ec\/index.php?rest_route=\/wp\/v2\/posts\/17824\/revisions"}],"predecessor-version":[{"id":17826,"href":"https:\/\/www.ecuadoraldia.com.ec\/index.php?rest_route=\/wp\/v2\/posts\/17824\/revisions\/17826"}],"wp:featuredmedia":[{"embeddable":true,"href":"https:\/\/www.ecuadoraldia.com.ec\/index.php?rest_route=\/wp\/v2\/media\/17825"}],"wp:attachment":[{"href":"https:\/\/www.ecuadoraldia.com.ec\/index.php?rest_route=%2Fwp%2Fv2%2Fmedia&parent=17824"}],"wp:term":[{"taxonomy":"category","embeddable":true,"href":"https:\/\/www.ecuadoraldia.com.ec\/index.php?rest_route=%2Fwp%2Fv2%2Fcategories&post=17824"},{"taxonomy":"post_tag","embeddable":true,"href":"https:\/\/www.ecuadoraldia.com.ec\/index.php?rest_route=%2Fwp%2Fv2%2Ftags&post=17824"}],"curies":[{"name":"wp","href":"https:\/\/api.w.org\/{rel}","templated":true}]}}