{"id":17827,"date":"2019-08-14T14:41:57","date_gmt":"2019-08-14T19:41:57","guid":{"rendered":"http:\/\/www.ecuadoraldia.com.ec\/?p=17827"},"modified":"2019-08-14T14:41:57","modified_gmt":"2019-08-14T19:41:57","slug":"vocales-del-cpcycs-se-defienden-en-juicio-politico","status":"publish","type":"post","link":"https:\/\/www.ecuadoraldia.com.ec\/?p=17827","title":{"rendered":"Vocales del CPCYCS se defienden en juicio pol\u00edtico"},"content":{"rendered":"<p><a href=\"http:\/\/www.ecuadoraldia.com.ec\/wp-content\/uploads\/2019\/08\/victoriad.png\"><img loading=\"lazy\" decoding=\"async\" class=\"alignleft size-medium wp-image-17828\" src=\"http:\/\/www.ecuadoraldia.com.ec\/wp-content\/uploads\/2019\/08\/victoriad-300x179.png\" alt=\"\" width=\"300\" height=\"179\" srcset=\"https:\/\/www.ecuadoraldia.com.ec\/wp-content\/uploads\/2019\/08\/victoriad-300x179.png 300w, https:\/\/www.ecuadoraldia.com.ec\/wp-content\/uploads\/2019\/08\/victoriad-768x459.png 768w, https:\/\/www.ecuadoraldia.com.ec\/wp-content\/uploads\/2019\/08\/victoriad.png 910w\" sizes=\"(max-width: 300px) 100vw, 300px\" \/><\/a><\/p>\n<p>Quito, mi\u00e9rcoles 14 de agosto de 2019. &#8211; Despu\u00e9s de una hora y media de lectura del informe de sustanciaci\u00f3n del proceso de control pol\u00edtico a cuatro consejeros del Consejo de Participaci\u00f3n Ciudadana y Control Social (CPCCS), el pleno de la Asamblea Nacional inicio el debate con la participaci\u00f3n de los interpelados Jos\u00e9 Carlo Tu\u00e1rez, Rosa Chal\u00e1, Victoria Desintonio y Walter G\u00f3mez.<\/p>\n<p>El presidente del CPCCS, Jos\u00e9 Tu\u00e1rez, empez\u00f3 su defensa. Junto a \u00e9l deber\u00e1n exponer sus argumentos los consejeros Walter G\u00f3mez, Victoria Desintonio y Rosa Chal\u00e1, quienes son interpelados por presunto incumplimiento de funciones al crear una comisi\u00f3n de juristas para que revisen las decisiones que tom\u00f3 el Consejo de Participaci\u00f3n Transitorio, pese a que la Corte Constitucional emiti\u00f3 una sentencia que impide esos procedimientos de revisi\u00f3n.<\/p>\n<p>Tu\u00e1rez le\u00eda su defensa, en la que asegur\u00f3 que el proceso era infundado, ilegal, e inconstitucional.<br \/>\nSe quej\u00f3 de que apenas se posesion\u00f3 en el cargo hubo un \u00ablinchamiento medi\u00e1tico donde se pod\u00eda decir cualquier barbaridad. Hasta se metieron con mis perros, que no se les da de comer. Tambi\u00e9n, con mi patrimonio, que no es real\u00bb, expres\u00f3.<\/p>\n<p>Seg\u00fan informaci\u00f3n oficial de la Contralor\u00eda del Estado, su patrimonio asciende a los $372.000.<br \/>\nTu\u00e1rez es fraile de la orden de los dominicos, pero ante la Asamblea aclar\u00f3 que \u00e9l particip\u00f3 como \u00abciudadano\u00bb y no como \u00abfraile\u00bb; record\u00f3 que durante la campa\u00f1a apareci\u00f3 con el cuello blanco porque \u00abcualquiera puede utilizar\u00bb, y aclar\u00f3 que se la quit\u00f3 para que ya \u00abno insulten a los pobres curas\u00bb.<\/p>\n<p>La Consejera Rosa, en su corta intervenci\u00f3n dijo que no hab\u00edan los elementos suficientes para su juzgamiento, por cuanto las acusaciones de supuesta falta administrativa, para el cumplimiento de funciones no estaban debidamente sustentadas.<\/p>\n<p>Quien hizo una buena defensa de su gesti\u00f3n fue Victoria Desintonio, ella le cant\u00f3 las verdades a los asamble\u00edstas. Entre otros argumentos dijo que lo que se busca es desaparecer el Consejo de Participaci\u00f3n Ciudadana y Control Social. Muestra de ello fu\u00e9 que el entonces presidente del organismo transitorio Julio C\u00e9sar Trujillo, propuso una consulta popular para desaparecerlo.<\/p>\n<p>Tambi\u00e9n acus\u00f3 al gobierno de violentar las facultades del organismo al quitar la facultad de luchar contra la corrupci\u00f3n.<\/p>\n<p>El consejero Walter G\u00f3mez, qui\u00e9n cuestion\u00f3 el trabajo de la comisi\u00f3n de fiscalizaci\u00f3n por no seguir el debido proceso en el juicio.<\/p>\n<p>Finalmente los consejeros, coinciidieron en dejar abierta la posibilidad de ir a instancias internacionales a hacer prevalecer sus derechos, incluso amenazaron con iniciar juicios de repetici\u00f3n contra los asamble\u00edstas.<\/p>\n","protected":false},"excerpt":{"rendered":"<p>Quito, mi\u00e9rcoles 14 de agosto de 2019. &#8211; Despu\u00e9s de una hora y media de lectura del informe de sustanciaci\u00f3n<\/p>\n","protected":false},"author":1,"featured_media":17828,"comment_status":"closed","ping_status":"closed","sticky":false,"template":"","format":"standard","meta":{"footnotes":""},"categories":[3],"tags":[],"_links":{"self":[{"href":"https:\/\/www.ecuadoraldia.com.ec\/index.php?rest_route=\/wp\/v2\/posts\/17827"}],"collection":[{"href":"https:\/\/www.ecuadoraldia.com.ec\/index.php?rest_route=\/wp\/v2\/posts"}],"about":[{"href":"https:\/\/www.ecuadoraldia.com.ec\/index.php?rest_route=\/wp\/v2\/types\/post"}],"author":[{"embeddable":true,"href":"https:\/\/www.ecuadoraldia.com.ec\/index.php?rest_route=\/wp\/v2\/users\/1"}],"replies":[{"embeddable":true,"href":"https:\/\/www.ecuadoraldia.com.ec\/index.php?rest_route=%2Fwp%2Fv2%2Fcomments&post=17827"}],"version-history":[{"count":1,"href":"https:\/\/www.ecuadoraldia.com.ec\/index.php?rest_route=\/wp\/v2\/posts\/17827\/revisions"}],"predecessor-version":[{"id":17829,"href":"https:\/\/www.ecuadoraldia.com.ec\/index.php?rest_route=\/wp\/v2\/posts\/17827\/revisions\/17829"}],"wp:featuredmedia":[{"embeddable":true,"href":"https:\/\/www.ecuadoraldia.com.ec\/index.php?rest_route=\/wp\/v2\/media\/17828"}],"wp:attachment":[{"href":"https:\/\/www.ecuadoraldia.com.ec\/index.php?rest_route=%2Fwp%2Fv2%2Fmedia&parent=17827"}],"wp:term":[{"taxonomy":"category","embeddable":true,"href":"https:\/\/www.ecuadoraldia.com.ec\/index.php?rest_route=%2Fwp%2Fv2%2Fcategories&post=17827"},{"taxonomy":"post_tag","embeddable":true,"href":"https:\/\/www.ecuadoraldia.com.ec\/index.php?rest_route=%2Fwp%2Fv2%2Ftags&post=17827"}],"curies":[{"name":"wp","href":"https:\/\/api.w.org\/{rel}","templated":true}]}}