{"id":17830,"date":"2019-08-14T15:40:05","date_gmt":"2019-08-14T20:40:05","guid":{"rendered":"http:\/\/www.ecuadoraldia.com.ec\/?p=17830"},"modified":"2019-08-14T15:48:04","modified_gmt":"2019-08-14T20:48:04","slug":"transportistas-dan-plazo-hasta-el-29-de-agosto-al-gobierno-para-que-atienda-sus-pedidos","status":"publish","type":"post","link":"https:\/\/www.ecuadoraldia.com.ec\/?p=17830","title":{"rendered":"Transportistas dan plazo hasta el 29 de agosto al Gobierno para que atienda sus pedidos."},"content":{"rendered":"<p><a href=\"http:\/\/www.ecuadoraldia.com.ec\/wp-content\/uploads\/2019\/08\/subir.jpg\"><img loading=\"lazy\" decoding=\"async\" class=\"alignleft size-medium wp-image-17831\" src=\"http:\/\/www.ecuadoraldia.com.ec\/wp-content\/uploads\/2019\/08\/subir-300x97.jpg\" alt=\"\" width=\"300\" height=\"97\" srcset=\"https:\/\/www.ecuadoraldia.com.ec\/wp-content\/uploads\/2019\/08\/subir-300x97.jpg 300w, https:\/\/www.ecuadoraldia.com.ec\/wp-content\/uploads\/2019\/08\/subir-768x249.jpg 768w, https:\/\/www.ecuadoraldia.com.ec\/wp-content\/uploads\/2019\/08\/subir.jpg 858w\" sizes=\"(max-width: 300px) 100vw, 300px\" \/><\/a><\/p>\n<p>Guayaquil, 14 de agosto de 2019. Los Representantes de la Transportaci\u00f3n P\u00fablica de Pasajeros del Ecuador, se reunieron este mi\u00e9rcoles 14 de agosto en Guayaquil, para analizar la problem\u00e1tica por la que atraviesa el sector.<\/p>\n<p>Fueros varios los puntos debatidos, entre ellos la falta de acci\u00f3n del Gobierno Central, para atender y resolver los pedidos que por varios a\u00f1os vienen arrastrando, sin que exista una soluci\u00f3n a corto y mediano plazo.<\/p>\n<p>Temas como el pago de la deuda de 79 millones de d\u00f3lares por concepto del medio pasaje que se cobra a los grupos vulnerables, control a la ilegalidad e informalidad; revisar la entrega que se hizo a los Municipios para el manejo del Transporte, a trav\u00e9s del Consejo Nacional de Competencias, acci\u00f3n que ha permitido a los GAD\u00b4S, otorgar permisos de operaci\u00f3n y crear nuevas cooperativas, simplemente por cumplir compromisos pol\u00edticos.<\/p>\n<p>Muestra de ello lo que se pretende hacer en la provincia de Azuay, con la creaci\u00f3n de una nueva modalidad de transporte interprovincial en \u201cfurgonetas\u201d, para cubrir las rutas Cuenca Guayaquil; Cuenca Loja y Cuenca Machala, perjudicando a las modalidades inter e intra provincial.<\/p>\n<p>El Presidente de la Federaci\u00f3n Nacional de Cooperativas de Transporte P\u00fablico de Pasajeros del Ecuador, abogado Abel G\u00f3mez Cevallos, dijo que desde el a\u00f1o 2014 han presentado oficios al gobierno, para que resuelva los problemas de la transportaci\u00f3n.<\/p>\n<p>En el 2017 se intensific\u00f3 el envi\u00f3 de documentos a las autoridades del gobierno, solicitando respuesta a sus requerimientos, sin resultados.<\/p>\n<p>Por esta raz\u00f3n los asistentes a la asamblea acordaron dar un ultim\u00e1tum al gobierno hasta el 29 de agosto, para que d\u00e9 una respuesta a los reclamos, caso contrario, se ver\u00e1n obligados a suspender el servicio del transporte inter e intraprovincial, por falta de garant\u00edas y \u00a0amparados en lo que determina el art\u00edculo 98 de la Constituci\u00f3n de la Rep\u00fablica, sobre el derecho a la resistencia.<\/p>\n<p>G\u00f3mez hizo referencia a la inversi\u00f3n de seis mil millones de d\u00f3lares en el sector transporte, en la modernizaci\u00f3n del parque automotor, para brindar un mejor servicio a los usuarios; pero de parte del R\u00e9gimen no hay la misma reciprocidad, puesto que hasta se les suspendi\u00f3 los beneficio de importar libre de aranceles neum\u00e1ticos, insumos, lubricantes y repuestos.<\/p>\n<p>Desde el 2012 la transportaci\u00f3n mantiene congelada la tarifa del pasaje en las modalidades inter e intraprovincial, sin embargo el gremio sigue invirtiendo en la modernizaci\u00f3n del parque automotor, para brindar un servicio de calidad y con garant\u00edas al usuario.<\/p>\n<p>El tema de las reformas a la Ley de Tr\u00e1nsito que se debaten en la Asamblea nacional es otro problema, la comisi\u00f3n que analiza el texto, no ha incorporado nuestras propuestas.<\/p>\n<p>En los actuales momentos tenemos serios inconvenientes para ingresar a los terminales terrestres, debido a una resoluci\u00f3n de la ANT, que impide a las cooperativas de ruta larga (origen destino) no ingresar a las terminales de santo Domingo y Quevedo, por citar un caso; problema que lo tenemos en todos los terminales, enfatiz\u00f3 el abogado Abel G\u00f3mez.<\/p>\n<p>Tambi\u00e9n insisten que en las regulaciones de los corredores viales deben permitirse la participaci\u00f3n de la\u00a0<b>Fenacotip<\/b>, las uniones provinciales y representantes de las operadores.<\/p>\n<p>\u201cEl Ejecutivo ha recibido a todos los sectores productivos, pero a los transportistas no nos toman en cuenta, no les interesa\u201d, a\u00f1adi\u00f3. \u201cLos transportistas dejaron de seguir trasladando problemas, ahora exigen medidas\u201d, remarc\u00f3 G\u00f3mez.<\/p>\n<p>En la jornada que se desarroll\u00f3 en el Hotel Sheraton del puerto principal, participaron alrededor de 300 dirigentes de 17 provincias del Pa\u00eds.<\/p>\n","protected":false},"excerpt":{"rendered":"<p>Guayaquil, 14 de agosto de 2019. Los Representantes de la Transportaci\u00f3n P\u00fablica de Pasajeros del Ecuador, se reunieron este mi\u00e9rcoles<\/p>\n","protected":false},"author":1,"featured_media":17831,"comment_status":"closed","ping_status":"closed","sticky":false,"template":"","format":"standard","meta":{"footnotes":""},"categories":[1],"tags":[],"_links":{"self":[{"href":"https:\/\/www.ecuadoraldia.com.ec\/index.php?rest_route=\/wp\/v2\/posts\/17830"}],"collection":[{"href":"https:\/\/www.ecuadoraldia.com.ec\/index.php?rest_route=\/wp\/v2\/posts"}],"about":[{"href":"https:\/\/www.ecuadoraldia.com.ec\/index.php?rest_route=\/wp\/v2\/types\/post"}],"author":[{"embeddable":true,"href":"https:\/\/www.ecuadoraldia.com.ec\/index.php?rest_route=\/wp\/v2\/users\/1"}],"replies":[{"embeddable":true,"href":"https:\/\/www.ecuadoraldia.com.ec\/index.php?rest_route=%2Fwp%2Fv2%2Fcomments&post=17830"}],"version-history":[{"count":4,"href":"https:\/\/www.ecuadoraldia.com.ec\/index.php?rest_route=\/wp\/v2\/posts\/17830\/revisions"}],"predecessor-version":[{"id":17835,"href":"https:\/\/www.ecuadoraldia.com.ec\/index.php?rest_route=\/wp\/v2\/posts\/17830\/revisions\/17835"}],"wp:featuredmedia":[{"embeddable":true,"href":"https:\/\/www.ecuadoraldia.com.ec\/index.php?rest_route=\/wp\/v2\/media\/17831"}],"wp:attachment":[{"href":"https:\/\/www.ecuadoraldia.com.ec\/index.php?rest_route=%2Fwp%2Fv2%2Fmedia&parent=17830"}],"wp:term":[{"taxonomy":"category","embeddable":true,"href":"https:\/\/www.ecuadoraldia.com.ec\/index.php?rest_route=%2Fwp%2Fv2%2Fcategories&post=17830"},{"taxonomy":"post_tag","embeddable":true,"href":"https:\/\/www.ecuadoraldia.com.ec\/index.php?rest_route=%2Fwp%2Fv2%2Ftags&post=17830"}],"curies":[{"name":"wp","href":"https:\/\/api.w.org\/{rel}","templated":true}]}}