{"id":17910,"date":"2019-10-28T14:08:55","date_gmt":"2019-10-28T19:08:55","guid":{"rendered":"http:\/\/www.ecuadoraldia.com.ec\/?p=17910"},"modified":"2019-10-28T14:08:55","modified_gmt":"2019-10-28T19:08:55","slug":"equipo-de-la-cidh-recoge-informacion-sobre-las-protestas-en-ecuador","status":"publish","type":"post","link":"https:\/\/www.ecuadoraldia.com.ec\/?p=17910","title":{"rendered":"Equipo de la CIDH recoge informaci\u00f3n sobre las protestas en Ecuador"},"content":{"rendered":"<p><a href=\"http:\/\/www.ecuadoraldia.com.ec\/wp-content\/uploads\/2019\/10\/cid.jpg\"><img loading=\"lazy\" decoding=\"async\" class=\"alignleft size-medium wp-image-17911\" src=\"http:\/\/www.ecuadoraldia.com.ec\/wp-content\/uploads\/2019\/10\/cid-300x141.jpg\" alt=\"\" width=\"300\" height=\"141\" srcset=\"https:\/\/www.ecuadoraldia.com.ec\/wp-content\/uploads\/2019\/10\/cid-300x141.jpg 300w, https:\/\/www.ecuadoraldia.com.ec\/wp-content\/uploads\/2019\/10\/cid.jpg 588w\" sizes=\"(max-width: 300px) 100vw, 300px\" \/><\/a><\/p>\n<p>Agencia EFE &#8211; 28 de octubre de 2019 &#8211; 13:05 La ministra de Gobierno, Mar\u00eda Paula Romo, durante una reuni\u00f3n con una misi\u00f3n de la CIDH.<\/p>\n<p>La ministra de Gobierno, Mar\u00eda Paula Romo, se reuni\u00f3 con miembros de la Comisi\u00f3n Interamericana de Derechos Humanos (CIDH), en Quito, para informar sobre los hechos sucitados durante las protestas en el pa\u00eds, entre el 3 y 13 de octubre.<\/p>\n<p>El equipo de la CIDH comenz\u00f3 este lunes 28 de octubre en Ecuador unas pesquisas sobre posibles violaciones de los derechos humanos durante las protestas. Se trata de un trabajo independiente y que dispone de agenda propia.<\/p>\n<p>Al respecto, el vicepresidente de la Rep\u00fablica, Otto Sonnenholzner, indic\u00f3 que el Gobierno no tiene nada que ocultar, pero pidi\u00f3 que se analice los derechos humanos de todos.<\/p>\n<p>\u00abTambi\u00e9n que se revisen los derechos humanos de la gente que lo perdi\u00f3 todo, que fue secuestrada, que no pudo trabajar 12 d\u00edas, que los dejaron sin agua, a los que dejaron sin medicina, m\u00e1s de 50 ambulancias detenidas (&#8230;) \u00bfy los derechos de esos pacientes, d\u00f3nde quedan?\u00bb, apunt\u00f3 Sonnenholzner en el marco de un evento en la capital.<\/p>\n<p>Este d\u00eda, la delegaci\u00f3n de la CIDH se reuni\u00f3 tambi\u00e9n con representantes de la Canciller\u00eda, el contralor Pablo Celi y el ministro de Defensa, Oswaldo Jarr\u00edn, as\u00ed como representantes de la Presidencia, ministerio de Cultura, Finanzas y Salud.<\/p>\n<p>La visita de la misi\u00f3n de la CIDH coincide en la zona con otra de la Oficina de Naciones Unidas para los Derechos Humanos, en Ecuador desde hace una semana y que ten\u00eda previsto reunirse con representantes de todos los sectores para investigar lo ocurrido entre el 3 al 13 de octubre, cuando Ecuador vivi\u00f3 una de las olas de violencia m\u00e1s graves de su historia reciente.<\/p>\n<p>En ella murieron al menos seis personas y 1.340 resultaron heridas, y distintos grupos, entre ellos el movimiento ind\u00edgena que encabez\u00f3 las protestas, han denunciado violaciones por parte de las fuerzas del orden.<\/p>\n<p>&nbsp;<\/p>\n","protected":false},"excerpt":{"rendered":"<p>Agencia EFE &#8211; 28 de octubre de 2019 &#8211; 13:05 La ministra de Gobierno, Mar\u00eda Paula Romo, durante una reuni\u00f3n<\/p>\n","protected":false},"author":1,"featured_media":17911,"comment_status":"closed","ping_status":"closed","sticky":false,"template":"","format":"standard","meta":{"footnotes":""},"categories":[1],"tags":[],"_links":{"self":[{"href":"https:\/\/www.ecuadoraldia.com.ec\/index.php?rest_route=\/wp\/v2\/posts\/17910"}],"collection":[{"href":"https:\/\/www.ecuadoraldia.com.ec\/index.php?rest_route=\/wp\/v2\/posts"}],"about":[{"href":"https:\/\/www.ecuadoraldia.com.ec\/index.php?rest_route=\/wp\/v2\/types\/post"}],"author":[{"embeddable":true,"href":"https:\/\/www.ecuadoraldia.com.ec\/index.php?rest_route=\/wp\/v2\/users\/1"}],"replies":[{"embeddable":true,"href":"https:\/\/www.ecuadoraldia.com.ec\/index.php?rest_route=%2Fwp%2Fv2%2Fcomments&post=17910"}],"version-history":[{"count":1,"href":"https:\/\/www.ecuadoraldia.com.ec\/index.php?rest_route=\/wp\/v2\/posts\/17910\/revisions"}],"predecessor-version":[{"id":17912,"href":"https:\/\/www.ecuadoraldia.com.ec\/index.php?rest_route=\/wp\/v2\/posts\/17910\/revisions\/17912"}],"wp:featuredmedia":[{"embeddable":true,"href":"https:\/\/www.ecuadoraldia.com.ec\/index.php?rest_route=\/wp\/v2\/media\/17911"}],"wp:attachment":[{"href":"https:\/\/www.ecuadoraldia.com.ec\/index.php?rest_route=%2Fwp%2Fv2%2Fmedia&parent=17910"}],"wp:term":[{"taxonomy":"category","embeddable":true,"href":"https:\/\/www.ecuadoraldia.com.ec\/index.php?rest_route=%2Fwp%2Fv2%2Fcategories&post=17910"},{"taxonomy":"post_tag","embeddable":true,"href":"https:\/\/www.ecuadoraldia.com.ec\/index.php?rest_route=%2Fwp%2Fv2%2Ftags&post=17910"}],"curies":[{"name":"wp","href":"https:\/\/api.w.org\/{rel}","templated":true}]}}