{"id":1814,"date":"2014-04-03T12:53:28","date_gmt":"2014-04-03T12:53:28","guid":{"rendered":"http:\/\/www.ecuadoraldia.com.ec\/?p=1814"},"modified":"2014-04-03T12:53:28","modified_gmt":"2014-04-03T12:53:28","slug":"la-poblacion-mundial-esta-preocupada-por-vigilancia-online","status":"publish","type":"post","link":"https:\/\/www.ecuadoraldia.com.ec\/?p=1814","title":{"rendered":"La poblaci\u00f3n mundial est\u00e1 preocupada por vigilancia online"},"content":{"rendered":"<p><a href=\"http:\/\/www.ecuadoraldia.com.ec\/wp-content\/uploads\/2014\/04\/online.jpg\"><img loading=\"lazy\" decoding=\"async\" src=\"http:\/\/www.ecuadoraldia.com.ec\/wp-content\/uploads\/2014\/04\/online-300x198.jpg\" alt=\"online\" width=\"300\" height=\"198\" class=\"alignleft size-medium wp-image-1815\" srcset=\"https:\/\/www.ecuadoraldia.com.ec\/wp-content\/uploads\/2014\/04\/online-300x198.jpg 300w, https:\/\/www.ecuadoraldia.com.ec\/wp-content\/uploads\/2014\/04\/online.jpg 450w\" sizes=\"(max-width: 300px) 100vw, 300px\" \/><\/a>La poblaci\u00f3n mundial est\u00e1 cada vez m\u00e1s preocupada por la creciente vigilancia de internet por parte de gobiernos y corporaciones, de acuerdo a un sondeo global en 17 pa\u00edses elaborado por el Servicio Mundial de la BBC de Londres.<\/p>\n<p>El estudio concluy\u00f3 que para la mayor\u00eda, aunque el internet trajo m\u00e1s libertad a la poblaci\u00f3n mundial, tambi\u00e9n gener\u00f3 mayor vigilancia, como expuso Edward Snowden, ext\u00e9cnico de la CIA, a partir de miles de documentos secretos de la Agencia Nacional de Seguridad estadounidense.<\/p>\n<p>La encuesta fue realizada de diciembre de 2013 a febrero de este a\u00f1o a 17.589 personas de 17 pa\u00edses: Australia, Canad\u00e1, China, Francia, Alemania, India, Indonesia, Kenia, M\u00e9xico, Nigeria, Pakist\u00e1n, Per\u00fa, Rusia, Corea del Sur, Espa\u00f1a, el Reino Unido y Estados Unidos.<\/p>\n<p>Por ejemplo, en Nigeria el 70% se siente c\u00f3modo aireando sus puntos de vista en internet y en Francia es solo el 22%. En cuanto a la vigilancia gubernamental, la mayor\u00eda en Estados Unidos y Alemania dijo que no se siente a salvo del monitoreo.<\/p>\n<p>El sondeo destac\u00f3 que el hecho de que el menor porcentaje de los chinos, indios e indonesios, se perciba  a s\u00ed mismos como blanco de operativos de vigilancia, por parte del gobierno, refleja  que las propias agencias de Inteligencia estatales tienen m\u00e1s \u00e9xito a la hora de mantener sus actividades en secreto.<\/p>\n<p>El informe se dio a conocer como parte del D\u00eda de la Libertad, una jornada en la que el Servicio Mundial de la BBC explora las ideas de libertad y derechos civiles.<\/p>\n<p>Seg\u00fan el sondeo, el  67% de los consultados est\u00e1 de acuerdo que internet trajo m\u00e1s libertades, mientras que el 25% opin\u00f3 lo contrario.<\/p>\n<p>En M\u00e9xico, Alemania y China aquellos a favor de esa postura fueron minor\u00eda, mientras que con el 75% era  mayor\u00eda en Nigeria y Kenia, ambos con pobres sistemas de comunicaci\u00f3n e infraestructura y donde la telefon\u00eda m\u00f3vil y el internet tienen mucho impacto en el sector de negocios.<\/p>\n<p>En Reino Unido y Australia tambi\u00e9n fue mayor\u00eda los que opinaron que internet trajo muchas libertades a la poblaci\u00f3n, tambi\u00e9n por los beneficios a la hora de hacer negocios.<\/p>\n<p>Nigeria es, adem\u00e1s, el pa\u00eds con m\u00e1s proporci\u00f3n de votantes que dijo sentirse seguro a la hora de expresar opiniones por internet, seguido por la India, Indonesia, Pakist\u00e1n, Kenia y Per\u00fa.<\/p>\n<p>En esas naciones, m\u00e1s de la mitad de los consultados dijo se siente seguro a la hora de expresar libremente su punto de vista por la web.<\/p>\n<p>Pero en general, la mayor\u00eda de los entrevistados, el 52%, admiti\u00f3 que se siente poco seguro usando   internet.<\/p>\n<p>El temor fue mayor en Francia y Corea del Sur, seguidos de cerca por otros pa\u00edses europeos que participaron del sondeo, como tambi\u00e9n por Estados Unidos, Canad\u00e1 y Australia.<\/p>\n<p>En China, la opini\u00f3n al respecto estuvo dividida: el 45% dijo sentirse seguro de expresar sus opiniones libremente por la web, mientras que el 51% opin\u00f3 lo contrario.<\/p>\n<p>\u201cHay un sentimiento cada vez mayor acerca de que todo lo que uno hace por internet e monitoreado, o al menos que puede ser monitoreado, ya sea por el gobierno como por corporaciones\u201d, declar\u00f3 Caroline Baylon, investigadora asociada del \u201cthink tank\u201d Chatham House de Londres.<\/p>\n<p>\u201cHay compa\u00f1\u00edas cuyo solo objetivo es obtener informaci\u00f3n de las actividades online de las personas, crear perfiles para cada potencial consumidor, con el fin de tratar de vender esos datos en otra parte\u201d, agreg\u00f3.<\/p>\n<p>Seg\u00fan Baylon, las revelaciones de Snowden, que dio a conocer amplios operativos de vigilancia online por parte de las agencias de espionaje de Estados Unidos y Gran Breta\u00f1a cientos de miles de personas, \u201credujo la confianza de la poblaci\u00f3n en las acciones de muchos gobiernos\u201d.<\/p>\n<p>\u201cSemejantes operativos de vigilancia a gran escala ya no son prerrogativas de gobiernos autoritarios, como el de China\u201d, destac\u00f3 la experta.<\/p>\n<p>De acuerdo al sondeo, m\u00e1s de la mitad de los consultados en Estados Unidos y Alemania dijeron no sentirse libres de operativos de vigilancia del gobierno, mientras que el 76% en China y Rusia afirm\u00f3 sentirse libre de monitoreo estatal por la web.<\/p>\n<p>Lionel Bellier, de la consultora GlobeScan, que llev\u00f3 a cabo el sondeo, afirm\u00f3 que pa\u00edses con alto nivel de conectividad de internet \u201cse sienten m\u00e1s expuestos a la Era Snowden de vigilancia online, comparado con los pa\u00edses con bajos niveles de conectividad de internet\u201d. \u201cEn pa\u00edses con baja conectividad, las percepciones de lo que constituye vigilancia del gobierno es sentida y vivida de forma diferente, tal vez con menos ansiedad\u201d, continu\u00f3.<\/p>\n<p>La encuesta tambi\u00e9n pregunt\u00f3 a los entrevistados acerca de los medios de prensa.<\/p>\n<p>De acuerdo con el informe, el 40% de la poblaci\u00f3n mundial considera que sus propios medios de prensa son libres de reportar las noticias de forma precisa, objetiva y ver\u00eddica, sin tendencias ni presiones.<\/p>\n<p>La cifra fue mayor en Indonesia, donde el 73% cree que la prensa local es libre. En el Reino Unido ese porcentual fue de 45%, mientras que en Estados Unidos es 42%. En M\u00e9xico, Rusia y Pakist\u00e1n la cifra fue de 26%, en Francia de 24% y en Corea del Sur solo el 14%.<\/p>\n","protected":false},"excerpt":{"rendered":"<p>La poblaci\u00f3n mundial est\u00e1 cada vez m\u00e1s preocupada por la creciente vigilancia de internet por parte de gobiernos y corporaciones,<\/p>\n","protected":false},"author":1,"featured_media":0,"comment_status":"open","ping_status":"open","sticky":false,"template":"","format":"standard","meta":{"footnotes":""},"categories":[1],"tags":[],"_links":{"self":[{"href":"https:\/\/www.ecuadoraldia.com.ec\/index.php?rest_route=\/wp\/v2\/posts\/1814"}],"collection":[{"href":"https:\/\/www.ecuadoraldia.com.ec\/index.php?rest_route=\/wp\/v2\/posts"}],"about":[{"href":"https:\/\/www.ecuadoraldia.com.ec\/index.php?rest_route=\/wp\/v2\/types\/post"}],"author":[{"embeddable":true,"href":"https:\/\/www.ecuadoraldia.com.ec\/index.php?rest_route=\/wp\/v2\/users\/1"}],"replies":[{"embeddable":true,"href":"https:\/\/www.ecuadoraldia.com.ec\/index.php?rest_route=%2Fwp%2Fv2%2Fcomments&post=1814"}],"version-history":[{"count":1,"href":"https:\/\/www.ecuadoraldia.com.ec\/index.php?rest_route=\/wp\/v2\/posts\/1814\/revisions"}],"predecessor-version":[{"id":1816,"href":"https:\/\/www.ecuadoraldia.com.ec\/index.php?rest_route=\/wp\/v2\/posts\/1814\/revisions\/1816"}],"wp:attachment":[{"href":"https:\/\/www.ecuadoraldia.com.ec\/index.php?rest_route=%2Fwp%2Fv2%2Fmedia&parent=1814"}],"wp:term":[{"taxonomy":"category","embeddable":true,"href":"https:\/\/www.ecuadoraldia.com.ec\/index.php?rest_route=%2Fwp%2Fv2%2Fcategories&post=1814"},{"taxonomy":"post_tag","embeddable":true,"href":"https:\/\/www.ecuadoraldia.com.ec\/index.php?rest_route=%2Fwp%2Fv2%2Ftags&post=1814"}],"curies":[{"name":"wp","href":"https:\/\/api.w.org\/{rel}","templated":true}]}}