{"id":1817,"date":"2014-04-03T22:34:11","date_gmt":"2014-04-03T22:34:11","guid":{"rendered":"http:\/\/www.ecuadoraldia.com.ec\/?p=1817"},"modified":"2014-04-03T22:34:11","modified_gmt":"2014-04-03T22:34:11","slug":"escuela-suramericana-de-defensa-busca-fortalecer-el-trabajo-entre-militares-y-sociedad-civil","status":"publish","type":"post","link":"https:\/\/www.ecuadoraldia.com.ec\/?p=1817","title":{"rendered":"Escuela Suramericana de Defensa busca fortalecer el trabajo  entre militares  y sociedad civil"},"content":{"rendered":"<p><a href=\"http:\/\/www.ecuadoraldia.com.ec\/wp-content\/uploads\/2014\/04\/f-a-ecu.jpg\"><img loading=\"lazy\" decoding=\"async\" src=\"http:\/\/www.ecuadoraldia.com.ec\/wp-content\/uploads\/2014\/04\/f-a-ecu.jpg\" alt=\"f a ecu\" width=\"300\" height=\"200\" class=\"alignleft size-full wp-image-1818\" \/><\/a>Quito, 03 abr (Andes) &#8211; Uno de los grandes desaf\u00edos de la Escuela Suramericana de Defensa (Esude) es integrar a\u00fan m\u00e1s al trabajo que realizan las Fuerzas Armadas de los diferentes pa\u00edses que componen Unasur y la sociedad civil, manifest\u00f3 este jueves el viceministro de Seguridad, Carlos Larrea.<\/p>\n<p>Para delinear este y otros aspectos como el reglamento y la hoja de ruta para la implementaci\u00f3n de la Esude, representantes de 10 pa\u00edses miembros de la Uni\u00f3n de Naciones Suramericanas (Unasur) se re\u00fanen en Quito este 3 y 4 de abril.<\/p>\n<p>Al evento asisten delegados de Brasil, Bolivia, Chile, Colombia, Ecuador, Per\u00fa, Surinam, Uruguay y Venezuela, adem\u00e1s del viceministro de Defensa de Argentina, Jorge Fern\u00e1ndez, quien resalt\u00f3 que la fortaleza de la Esude estar\u00e1 en la voluntad pol\u00edtica de los gobiernos de constituirla.<\/p>\n<p>Adem\u00e1s, destac\u00f3 que el papel del centro de formaci\u00f3n es estrat\u00e9gico e hist\u00f3rico y \u201cpermitir\u00e1 dotar de pensamiento propio a la regi\u00f3n, bajo el principio de sumar, construir, integrar con pluralismo y respeto\u201d.<\/p>\n<p>El viceministro ecuatoriano puntualiz\u00f3 que la Esude estar\u00e1 integrada por una secretar\u00eda administrativa, la cual podr\u00eda funcionar en la sede de Unasur que se construye en el norte de Quito. Tambi\u00e9n, una plataforma virtual y una red integrada de coordinaci\u00f3n de los ya existentes centros de estudios estrat\u00e9gicos de Defensa que tienen los diferentes pa\u00edses suramericanos.<\/p>\n<p>Larrea manifest\u00f3 que el centro educativo trabajar\u00e1 bajo los lineamientos del Consejo de Seguridad de Unasur que son impulsar la cooperaci\u00f3n regional, las relaciones extraregionales, desarrollar las capacidades para afrontar los riesgos de los pa\u00edses, proteger sus recursos naturales reducir la dependencia tecnol\u00f3gica, entre otros.<\/p>\n<p>En el Plan de Acci\u00f3n 2013, aprobado por los ministros de Defensa de los pa\u00edses miembros de Unasur en noviembre de 2012, se acogi\u00f3 a la iniciativa de Ecuador de crear la ESUDE, un centro de altos estudios permanentes para la formaci\u00f3n de post grado y capacitaci\u00f3n de civiles y militares en materias de defensa y seguridad regional.(Andes-ecuadoraldia.com.ec)<\/p>\n","protected":false},"excerpt":{"rendered":"<p>Quito, 03 abr (Andes) &#8211; Uno de los grandes desaf\u00edos de la Escuela Suramericana de Defensa (Esude) es integrar a\u00fan<\/p>\n","protected":false},"author":1,"featured_media":0,"comment_status":"open","ping_status":"open","sticky":false,"template":"","format":"standard","meta":{"footnotes":""},"categories":[1],"tags":[],"_links":{"self":[{"href":"https:\/\/www.ecuadoraldia.com.ec\/index.php?rest_route=\/wp\/v2\/posts\/1817"}],"collection":[{"href":"https:\/\/www.ecuadoraldia.com.ec\/index.php?rest_route=\/wp\/v2\/posts"}],"about":[{"href":"https:\/\/www.ecuadoraldia.com.ec\/index.php?rest_route=\/wp\/v2\/types\/post"}],"author":[{"embeddable":true,"href":"https:\/\/www.ecuadoraldia.com.ec\/index.php?rest_route=\/wp\/v2\/users\/1"}],"replies":[{"embeddable":true,"href":"https:\/\/www.ecuadoraldia.com.ec\/index.php?rest_route=%2Fwp%2Fv2%2Fcomments&post=1817"}],"version-history":[{"count":1,"href":"https:\/\/www.ecuadoraldia.com.ec\/index.php?rest_route=\/wp\/v2\/posts\/1817\/revisions"}],"predecessor-version":[{"id":1819,"href":"https:\/\/www.ecuadoraldia.com.ec\/index.php?rest_route=\/wp\/v2\/posts\/1817\/revisions\/1819"}],"wp:attachment":[{"href":"https:\/\/www.ecuadoraldia.com.ec\/index.php?rest_route=%2Fwp%2Fv2%2Fmedia&parent=1817"}],"wp:term":[{"taxonomy":"category","embeddable":true,"href":"https:\/\/www.ecuadoraldia.com.ec\/index.php?rest_route=%2Fwp%2Fv2%2Fcategories&post=1817"},{"taxonomy":"post_tag","embeddable":true,"href":"https:\/\/www.ecuadoraldia.com.ec\/index.php?rest_route=%2Fwp%2Fv2%2Ftags&post=1817"}],"curies":[{"name":"wp","href":"https:\/\/api.w.org\/{rel}","templated":true}]}}