{"id":18196,"date":"2021-01-15T22:33:59","date_gmt":"2021-01-16T03:33:59","guid":{"rendered":"http:\/\/www.ecuadoraldia.com.ec\/?p=18196"},"modified":"2021-01-15T23:09:03","modified_gmt":"2021-01-16T04:09:03","slug":"candidato-a-la-asamblea-por-pichincha-ivan-tinillo-ortiz-plantea-castigar-la-corrupcion-en-ecuador-como-en-indonesia","status":"publish","type":"post","link":"https:\/\/www.ecuadoraldia.com.ec\/?p=18196","title":{"rendered":"Castigar la corrupci\u00f3n  como en Indonesia plantea  Iv\u00e1n Tinillo candidato a la Asamblea."},"content":{"rendered":"<p>&nbsp;<\/p>\n<p><a href=\"http:\/\/www.ecuadoraldia.com.ec\/wp-content\/uploads\/2021\/01\/dosti.jpg\"><img loading=\"lazy\" decoding=\"async\" class=\"alignleft size-medium wp-image-18203\" src=\"http:\/\/www.ecuadoraldia.com.ec\/wp-content\/uploads\/2021\/01\/dosti-300x164.jpg\" alt=\"\" width=\"300\" height=\"164\" srcset=\"https:\/\/www.ecuadoraldia.com.ec\/wp-content\/uploads\/2021\/01\/dosti-300x164.jpg 300w, https:\/\/www.ecuadoraldia.com.ec\/wp-content\/uploads\/2021\/01\/dosti.jpg 724w\" sizes=\"(max-width: 300px) 100vw, 300px\" \/><\/a><\/p>\n<p>Conocoto, Pichincha, mi\u00e9rcoles 13 de enero de 2021. Son varias las propuestas que llevar\u00e1 a la asamblea Nacional, el aspirante por el sector rural Iv\u00e1n Tinillo, combate a la corrupci\u00f3n con mano dura, pol\u00edticas \u00a0de Estado en lo social.<\/p>\n<p>Hacer un cambio estructural en materia de Salud y educaci\u00f3n como pol\u00edticas de estado, plantea en su plan de acci\u00f3n el Dr. Iv\u00e1n Tinillo, candidato a la Asamblea Nacional, por el Sector Rural del\u00a0 Distrito pichincha, por el Movimiento Pol\u00edtico Ecuatoriano Unido, Lista 4. Tinillo es m\u00e9dico odont\u00f3logo, nacido en Nanegalito, pero vive 25 a\u00f1os en conocoto, y como parroquiano, trabajar\u00e1 por el desarrollo del sector rural.<\/p>\n<p>Una muestra de las falencias en la salud, por ejemplo es el manejo de la crisis por la pandemia. Reino Unido est\u00e1 vacunando la poblaci\u00f3n, mientras que en Ecuador, reci\u00e9n empezar\u00e1n\u00a0 a llegar las primeras 85 mil dosis de vacuna a finales de \u00a0este mes de enero de 2021, que deben ser suministradas a los grupos etarios y m\u00e1s vulnerables. Si tuvi\u00e9ramos un estado potente, las mismas pol\u00edticas se encargar\u00edan de forma autom\u00e1tica de controlar las emergencias; hoy es el Covid19, en el futuro seguramente vendr\u00e1n otras enfermedades y debemos estar preparados para que no ocurra lo de ahora. Hay que implementar\u00a0 hospitales y centros de salud en cantones y sectores rurales donde la atenci\u00f3n es ineficiente. \u00abYo estoy visitando las parroquias y veo un alt\u00edsimo grado de descuido de salud en todos los parroquianos, por eso mi compromiso, salud, educaci\u00f3n, pol\u00edtica de estado, y que se asigne el presupuesto que le corresponde. Crear en el C\u00f3digo Org\u00e1nico de la Salud una ley de carrera sanitaria que permita a\u00a0 los trabajadores del sector, estabilidad laboral salario digno y condiciones de seguridad para que puedan ejercer su profesi\u00f3n en un ambiente adecuado.<\/p>\n<p>Productividad.<\/p>\n<p>Apoyar los emprendimientos en las parroquias, consideradas el granero de Quito, con cr\u00e9ditos y generaci\u00f3n de mercados para la venta de sus productos\u00bb,\u00a0 es otra de las iniciativas, con la entrega de cr\u00e9ditos a bajo inter\u00e9s, de 4.000 mil d\u00f3lares al 4 por ciento y a 4 a\u00f1os plazo, enfatiz\u00f3.<\/p>\n<p>Combate a la Corrupci\u00f3n.<\/p>\n<p>En este tema que tanto da\u00f1a hace al Pa\u00eds, mucho se habla de combatirla, pero de una forma tibia, se requieren pol\u00edticas duras, leyes potentes, como en Singapur, para que los corruptos, si es posible, vayan de por vida a la c\u00e1rcel y que devuelvan lo robado, \u00bb si controlamos esos, vamos a salir de la crisis econ\u00f3mica y este caos social que actualmente el pa\u00eds est\u00e1 soportando\u00bb . Las sanciones deben empezar por la clase pol\u00edtica que llega a los puestos, no a gobernar, sino a delinquir.<\/p>\n<p>En el \u00e1rea de la educaci\u00f3n, es necesario eliminar la prueba ser bachiller que impide a los j\u00f3venes elegir la carrera que desean estudiar, adem\u00e1s es un examen tramposo, porque siempre se filtran los cuestionarios de la evaluaci\u00f3n para favorecer a\u00a0 unos y perjudicar a la gran mayor\u00eda. Lo ideal es que se haga un curso pre universitario como era antes, para evaluar la idoneidad de los aspirantes a determinadas carreras, como el caso de la medicina, en la que el estudiante debe ser evaluado para soportar o no, la examinaci\u00f3n de un cad\u00e1ver, ingenier\u00eda, arquitectura, entre otras disciplinas; la prueba es discriminatoria y va contra la constituci\u00f3n de la Rep\u00fablica, reiter\u00f3.<\/p>\n<p>Compras p\u00fablicas.<\/p>\n<p>Hay que reformar la Ley de contrataci\u00f3n p\u00fablica, para evitar la compra innecesaria de materiales e insumos de forma inadecuada y sin planificaci\u00f3n, valorando cada sector para adquirir lo estrictamente necesario y que no haya despilfarro de recursos. En los hospitales debe haber especialistas manejando cada \u00e1rea de especialidades, para que, de acuerdo a cada enfermedad, se hagan las adquisiciones de medicamentos e insumos.<\/p>\n<p>Fiscalizaci\u00f3n.<\/p>\n<p>La Fiscalizaci\u00f3n no debe ser utilizada para el chantaje ni buscar r\u00e9ditos pol\u00edticos sino como un elemento de rendici\u00f3n de cuentas de todo el sector p\u00fablico donde se manejan recursos del Estado, incluido los gobiernos locales y provinciales.<\/p>\n<p>Sector transporte.<\/p>\n<p>Es otro de los problemas que tiene la ciudadan\u00eda para movilizarse, ya sea a sus trabajos o transportar los productos del campo a los mercados. El transporte\u00a0 masivo, es responsabilidad de estado, regular las tarifas, para no perjudicar al usuario, que es quien termina pagando las consecuencias de un alza irresponsable y antitet\u00e1nica de los pasajes. En el caso de los alcaldes la tarifa del pasaje se hace en base a c\u00e1lculos pol\u00edticos, cuando esas pol\u00edticas deben ser estatales, consensuadas con los sectores involucrados, de forma que las decisiones adoptadas no afecten al pueblo, para ello se deben hacer las reformas necesarias a la Ley de Tr\u00e1nsito. En cuanto a los impuestos prediales, tambi\u00e9n se buscar\u00e1n mecanismos, para que las ordenanzas municipales, sobre recaudaci\u00f3n, no eleven incrementen \u00a0los valores de los impuestos y catastros, sin los sustentos t\u00e9cnicos, considerando que en los actuales momentos, de pandemia, es necesario ser solidarios con los abonados.<\/p>\n<p>La reducci\u00f3n impuestos tributarios, crear seguridad jur\u00eddica, para la inversi\u00f3n extranjera, tambi\u00e9n ser\u00e1n analizadas.<\/p>\n<p>Tinillo, espera contar con el respaldo popular, para hacer realizad esas iniciativas.<\/p>\n","protected":false},"excerpt":{"rendered":"<p>&nbsp; Conocoto, Pichincha, mi\u00e9rcoles 13 de enero de 2021. Son varias las propuestas que llevar\u00e1 a la asamblea Nacional, el<\/p>\n","protected":false},"author":1,"featured_media":0,"comment_status":"closed","ping_status":"closed","sticky":false,"template":"","format":"standard","meta":{"footnotes":""},"categories":[3],"tags":[88],"_links":{"self":[{"href":"https:\/\/www.ecuadoraldia.com.ec\/index.php?rest_route=\/wp\/v2\/posts\/18196"}],"collection":[{"href":"https:\/\/www.ecuadoraldia.com.ec\/index.php?rest_route=\/wp\/v2\/posts"}],"about":[{"href":"https:\/\/www.ecuadoraldia.com.ec\/index.php?rest_route=\/wp\/v2\/types\/post"}],"author":[{"embeddable":true,"href":"https:\/\/www.ecuadoraldia.com.ec\/index.php?rest_route=\/wp\/v2\/users\/1"}],"replies":[{"embeddable":true,"href":"https:\/\/www.ecuadoraldia.com.ec\/index.php?rest_route=%2Fwp%2Fv2%2Fcomments&post=18196"}],"version-history":[{"count":9,"href":"https:\/\/www.ecuadoraldia.com.ec\/index.php?rest_route=\/wp\/v2\/posts\/18196\/revisions"}],"predecessor-version":[{"id":18207,"href":"https:\/\/www.ecuadoraldia.com.ec\/index.php?rest_route=\/wp\/v2\/posts\/18196\/revisions\/18207"}],"wp:attachment":[{"href":"https:\/\/www.ecuadoraldia.com.ec\/index.php?rest_route=%2Fwp%2Fv2%2Fmedia&parent=18196"}],"wp:term":[{"taxonomy":"category","embeddable":true,"href":"https:\/\/www.ecuadoraldia.com.ec\/index.php?rest_route=%2Fwp%2Fv2%2Fcategories&post=18196"},{"taxonomy":"post_tag","embeddable":true,"href":"https:\/\/www.ecuadoraldia.com.ec\/index.php?rest_route=%2Fwp%2Fv2%2Ftags&post=18196"}],"curies":[{"name":"wp","href":"https:\/\/api.w.org\/{rel}","templated":true}]}}