{"id":1820,"date":"2014-04-03T22:36:52","date_gmt":"2014-04-03T22:36:52","guid":{"rendered":"http:\/\/www.ecuadoraldia.com.ec\/?p=1820"},"modified":"2014-04-03T22:36:52","modified_gmt":"2014-04-03T22:36:52","slug":"la-fifa-admite-no-estar-lista-para-la-copa-del-mundo-brasil-2014","status":"publish","type":"post","link":"https:\/\/www.ecuadoraldia.com.ec\/?p=1820","title":{"rendered":"La FIFA admite no estar lista para la Copa del Mundo Brasil 2014"},"content":{"rendered":"<p>Brasilia, 03 abr (T\u00e9lam).- El secretario general de la FIFA, J\u00e9rome Valcke, admiti\u00f3 este jueves que faltando 70 d\u00edas para la inauguraci\u00f3n (el 12 de junio) del Mundial de f\u00fatbol de 2014 los preparativos no est\u00e1n listos. Hay retrasos en dos estadios.<\/p>\n<p>\u00abSi usted quiere que yo resuma (la situaci\u00f3n), no estamos listos. Tenemos dos estadios donde debemos trabajar\u00bb, dijo el n\u00famero dos del organismo rector, en declaraciones que reproduce hoy el diario O Estado de Sao Paulo.<\/p>\n<p><a href=\"http:\/\/www.ecuadoraldia.com.ec\/wp-content\/uploads\/2014\/04\/valcke_fifa.jpg\"><img loading=\"lazy\" decoding=\"async\" src=\"http:\/\/www.ecuadoraldia.com.ec\/wp-content\/uploads\/2014\/04\/valcke_fifa-300x199.jpg\" alt=\"valcke_fifa\" width=\"300\" height=\"199\" class=\"alignleft size-medium wp-image-1821\" srcset=\"https:\/\/www.ecuadoraldia.com.ec\/wp-content\/uploads\/2014\/04\/valcke_fifa-300x199.jpg 300w, https:\/\/www.ecuadoraldia.com.ec\/wp-content\/uploads\/2014\/04\/valcke_fifa.jpg 510w\" sizes=\"(max-width: 300px) 100vw, 300px\" \/><\/a>El dirigente se refiri\u00f3 al estadio Arena Corinthians de Sao Paulo, sede del partido inaugural el 12 de junio, y al Beira Rio de Porto Alegre, que recibir\u00e1 cinco encuentros durante la cita.<\/p>\n<p>Ambos estadios son privados, ya que pertenecen a los clubes Corinthians y a Internacional, respectivamente.<\/p>\n<p>Sin embargo, ambos clubes se resisten a pagar las estructuras temporales, aun cuando as\u00ed lo establece el contrato firmado con la FIFA.<\/p>\n<p>Pese a los atrasos, Valcke volvi\u00f3 a descartar que la fecha de apertura del certamen vaya a ser aplazada.<\/p>\n<p>\u00abNo se puede aplazar el partido de apertura. Tenemos un calendario que va hasta el 13 de julio. Por lo tanto, no pueden haber atrasos\u00bb, enfatiz\u00f3 el franc\u00e9s en declaraciones realizadas en Sud\u00e1frica. (Andes) <\/p>\n","protected":false},"excerpt":{"rendered":"<p>Brasilia, 03 abr (T\u00e9lam).- El secretario general de la FIFA, J\u00e9rome Valcke, admiti\u00f3 este jueves que faltando 70 d\u00edas para<\/p>\n","protected":false},"author":1,"featured_media":0,"comment_status":"open","ping_status":"open","sticky":false,"template":"","format":"standard","meta":{"footnotes":""},"categories":[10],"tags":[],"_links":{"self":[{"href":"https:\/\/www.ecuadoraldia.com.ec\/index.php?rest_route=\/wp\/v2\/posts\/1820"}],"collection":[{"href":"https:\/\/www.ecuadoraldia.com.ec\/index.php?rest_route=\/wp\/v2\/posts"}],"about":[{"href":"https:\/\/www.ecuadoraldia.com.ec\/index.php?rest_route=\/wp\/v2\/types\/post"}],"author":[{"embeddable":true,"href":"https:\/\/www.ecuadoraldia.com.ec\/index.php?rest_route=\/wp\/v2\/users\/1"}],"replies":[{"embeddable":true,"href":"https:\/\/www.ecuadoraldia.com.ec\/index.php?rest_route=%2Fwp%2Fv2%2Fcomments&post=1820"}],"version-history":[{"count":1,"href":"https:\/\/www.ecuadoraldia.com.ec\/index.php?rest_route=\/wp\/v2\/posts\/1820\/revisions"}],"predecessor-version":[{"id":1822,"href":"https:\/\/www.ecuadoraldia.com.ec\/index.php?rest_route=\/wp\/v2\/posts\/1820\/revisions\/1822"}],"wp:attachment":[{"href":"https:\/\/www.ecuadoraldia.com.ec\/index.php?rest_route=%2Fwp%2Fv2%2Fmedia&parent=1820"}],"wp:term":[{"taxonomy":"category","embeddable":true,"href":"https:\/\/www.ecuadoraldia.com.ec\/index.php?rest_route=%2Fwp%2Fv2%2Fcategories&post=1820"},{"taxonomy":"post_tag","embeddable":true,"href":"https:\/\/www.ecuadoraldia.com.ec\/index.php?rest_route=%2Fwp%2Fv2%2Ftags&post=1820"}],"curies":[{"name":"wp","href":"https:\/\/api.w.org\/{rel}","templated":true}]}}