{"id":18214,"date":"2021-01-21T09:47:17","date_gmt":"2021-01-21T14:47:17","guid":{"rendered":"http:\/\/www.ecuadoraldia.com.ec\/?p=18214"},"modified":"2021-01-21T12:56:02","modified_gmt":"2021-01-21T17:56:02","slug":"amapola-naranjo-a-la-reeleccion-por-mas-trabajo-en-beneficio-del-sector-rural","status":"publish","type":"post","link":"https:\/\/www.ecuadoraldia.com.ec\/?p=18214","title":{"rendered":"Amapola Naranjo a la reelecci\u00f3n por m\u00e1s trabajo en beneficio del sector rural."},"content":{"rendered":"<p><a href=\"http:\/\/www.ecuadoraldia.com.ec\/wp-content\/uploads\/2021\/01\/amapola.jpg\"><img loading=\"lazy\" decoding=\"async\" class=\"alignleft size-medium wp-image-18215\" src=\"http:\/\/www.ecuadoraldia.com.ec\/wp-content\/uploads\/2021\/01\/amapola-300x136.jpg\" alt=\"\" width=\"300\" height=\"136\" srcset=\"https:\/\/www.ecuadoraldia.com.ec\/wp-content\/uploads\/2021\/01\/amapola-300x136.jpg 300w, https:\/\/www.ecuadoraldia.com.ec\/wp-content\/uploads\/2021\/01\/amapola.jpg 512w\" sizes=\"(max-width: 300px) 100vw, 300px\" \/><\/a><\/p>\n<p>Conocoto, DM. Martes 19 de enero de 2021. Amapola Naranjo, Asamble\u00edsta por Pichincha, se postul\u00f3 nuevamente como candidata a la reelecci\u00f3n por el sector rural, por la Unidad por la Esperanza-Centro Democr\u00e1tico UNES-CD, lista 1.<\/p>\n<p>Entre las propuestas, con el candidato Andr\u00e9s Arauz, est\u00e1 la restituci\u00f3n de 50 mil plazas de empleo de servidores p\u00fablicos que de forma inhumana, fueros separados de sus puestos de trabajo y botados a la calle, la entrega de 1.000 d\u00f3lares a un mill\u00f3n de ecuatorianos y mujeres jefas y jefes de hogar, para que puedan paliar la crisis por la falta de empleo y reactivar la econom\u00eda. Esto representa un desembolso de mil millones de d\u00f3lares.<\/p>\n<p>Fortalecer los gobiernos aut\u00f3nomos descentralizados, que han sido olvidados y maltratados por este gobierno, con 3.000 millones, para la realizaci\u00f3n de obras que abran fuentes de empleo. Otros mil millones se destinar\u00e1n al copago de las deudas de \u00a0empresas \u00a0peque\u00f1as, por un lapso de seis meses, hasta que puedan recuperarse. Tres mil millones de d\u00f3lares m\u00e1s, se destinar\u00e1n al cr\u00e9dito barato para los emprendedores y trabajadores aut\u00f3nomos que son quienes mueven la econom\u00eda local.<\/p>\n<p>La candidata a la reelecci\u00f3n, dijo que m\u00e1s de 8.300 millones de d\u00f3lares que el banco central del Ecuador tiene depositados en un banco de Suiza, ser\u00e1n retornados al Pa\u00eds, para el fortalecimiento de la econom\u00eda. Cuestion\u00f3 que se pretenda quitar al estado el control del Banco central a trav\u00e9s de una ley, precisamente para que grupos de poder manejen a su antojo la econom\u00eda de todo un pueblo.<\/p>\n<p>En materia de salud, Naranjo, se refiri\u00f3 a la crisis que afecta al mundo por la pandemia del Covid19, como lamentable y dif\u00edcil, pero que en el caso ecuatoriano, el Pa\u00eds no puede entrar en una nueva etapa de confinamiento, debido a que la econom\u00eda nuevamente se ver\u00e1 afectada, es necesario intensificar las pol\u00edticas de seguridad personal, con el distanciamiento obligatorio, lavado de manos y uso de mascarilla, conforme las medidas de bioseguridad y la realizaci\u00f3n de pruebas m\u00e1s activas para detectar la enfermedad.<\/p>\n<p>La importaci\u00f3n de millones de vacunas, para la inmunizaci\u00f3n, desde Argentina, es otra de las gestiones que est\u00e1 realizando el candidato de la Revoluci\u00f3n Ciudadana Andr\u00e9s Arauz. No es posible que este gobierno de Len\u00edn Moreno, haya gestionado la importaci\u00f3n de 80 mil dosis de la vacuna, a un costo de $80,oo cada una, en la que se evidencia que hay un sobreprecio, que averg\u00fcenza al Pa\u00eds, reiter\u00f3.<\/p>\n<p>La ley de contrataci\u00f3n p\u00fablica hay que fortalecerla, para facilitar la compra de todo lo que el pa\u00eds necesita, sin que haya corrupci\u00f3n. La compra de insumos m\u00e9dicos, medicinas, el alimento para los ni\u00f1os de las escuelas fiscales, entre otros.<\/p>\n<p>Naranjo apunt\u00f3 sus cr\u00edticas al gobierno de Len\u00edn Moreno, calific\u00e1ndolo de traidor, de no haberse alineado al plan que se acord\u00f3 llevar adelante heredado del ex presidente Rafael Correa, en beneficio del Pueblo, y que prefiri\u00f3 entregar al Pa\u00eds a los grupos tradicionales de siempre.<\/p>\n<p>El Caso Ina Papers, fue tra\u00eddo a colaci\u00f3n por la congresista, como uno de los principales casos de corrupci\u00f3n del Presidente Len\u00edn Moreno.<\/p>\n<p>En febrero de 2029, sali\u00f3 a la luz en el portal web La Fuente una investigaci\u00f3n, titulada &#8216;El laberinto offshore del c\u00edrculo presidencial&#8217;, sobre un caso de corrupci\u00f3n que presuntamente involucra al presidente de Ecuador, Len\u00edn Moreno.<\/p>\n<p>El caso fue bautizado medi\u00e1ticamente como &#8216;INA Papers&#8217;, debido a que la empresa &#8216;offshore&#8217; involucrada se llama INA Investment Corporation.<\/p>\n<p>Los datos publicados en ese texto y mucha otra informaci\u00f3n la recibi\u00f3, \u00aben un sobre cerrado\u00bb y de forma \u00aban\u00f3nima\u00bb, el asamble\u00edsta Ronny Aleaga, que forma parte de la bancada Revoluci\u00f3n Ciudadana.<\/p>\n<p>En este marco Naranjo, anunci\u00f3 que en el pr\u00f3ximo periodo legislativo, pedir\u00e1 abrir una investigaci\u00f3n a la administraci\u00f3n, de Elizabeth Cabezas, ex presidenta de la Asamblea, en cuyo ejercicio, se ventil\u00f3 el caso, incluso, la Asamble\u00edsta Naranjo, dijo que Cabezas hab\u00eda dejado abierto el micr\u00f3fono y se escuch\u00f3. \u201cNos fregamos si se aprueba esa comisi\u00f3n de investigaci\u00f3n del Caso Inapapers. Nos fregamos \u00f1a\u00f1ita, qu\u00e9 vamos a hacer\u201d, refiri\u00e9ndose a una conversaci\u00f3n, supuestamente entre Cabezas y la Ministra de Gobierno Mar\u00eda Paula Romo.<\/p>\n<p>Casos como estos deben ser sancionados, a trav\u00e9s de la Ley de extinci\u00f3n de Dominio, que se aprob\u00f3 en recientemente en la legislatura, el martes 19 de enero de 2021, para ser exactos. Que se investigue y se extinga el dominio de todos los bienes mal habidos de ecuatorianos corruptos llevados a para\u00edsos fiscales, dijo, tras reiterar que es necesario recuperar todo lo robado.<\/p>\n<p>Amapola Naranjo, actualmente vive en la Parroquia de Conocoto, al nororiente de Quito, y promete seguir trabajando con honestidad, por el pueblo que la vio nacer, y por la provincia de Pichincha y el Pa\u00eds entero, porque las leyes se aprueban para el beneficio de todos los ecuatorianos.<\/p>\n<p>&nbsp;<\/p>\n<p>&nbsp;<\/p>\n","protected":false},"excerpt":{"rendered":"<p>Conocoto, DM. Martes 19 de enero de 2021. Amapola Naranjo, Asamble\u00edsta por Pichincha, se postul\u00f3 nuevamente como candidata a la<\/p>\n","protected":false},"author":1,"featured_media":0,"comment_status":"closed","ping_status":"closed","sticky":false,"template":"","format":"standard","meta":{"footnotes":""},"categories":[3],"tags":[],"_links":{"self":[{"href":"https:\/\/www.ecuadoraldia.com.ec\/index.php?rest_route=\/wp\/v2\/posts\/18214"}],"collection":[{"href":"https:\/\/www.ecuadoraldia.com.ec\/index.php?rest_route=\/wp\/v2\/posts"}],"about":[{"href":"https:\/\/www.ecuadoraldia.com.ec\/index.php?rest_route=\/wp\/v2\/types\/post"}],"author":[{"embeddable":true,"href":"https:\/\/www.ecuadoraldia.com.ec\/index.php?rest_route=\/wp\/v2\/users\/1"}],"replies":[{"embeddable":true,"href":"https:\/\/www.ecuadoraldia.com.ec\/index.php?rest_route=%2Fwp%2Fv2%2Fcomments&post=18214"}],"version-history":[{"count":3,"href":"https:\/\/www.ecuadoraldia.com.ec\/index.php?rest_route=\/wp\/v2\/posts\/18214\/revisions"}],"predecessor-version":[{"id":18221,"href":"https:\/\/www.ecuadoraldia.com.ec\/index.php?rest_route=\/wp\/v2\/posts\/18214\/revisions\/18221"}],"wp:attachment":[{"href":"https:\/\/www.ecuadoraldia.com.ec\/index.php?rest_route=%2Fwp%2Fv2%2Fmedia&parent=18214"}],"wp:term":[{"taxonomy":"category","embeddable":true,"href":"https:\/\/www.ecuadoraldia.com.ec\/index.php?rest_route=%2Fwp%2Fv2%2Fcategories&post=18214"},{"taxonomy":"post_tag","embeddable":true,"href":"https:\/\/www.ecuadoraldia.com.ec\/index.php?rest_route=%2Fwp%2Fv2%2Ftags&post=18214"}],"curies":[{"name":"wp","href":"https:\/\/api.w.org\/{rel}","templated":true}]}}