{"id":18223,"date":"2021-01-29T20:09:19","date_gmt":"2021-01-30T01:09:19","guid":{"rendered":"http:\/\/www.ecuadoraldia.com.ec\/?p=18223"},"modified":"2021-01-29T20:16:12","modified_gmt":"2021-01-30T01:16:12","slug":"ecuador-sera-sede-de-la-iv-cumbre-por-la-paz-y-la-vida","status":"publish","type":"post","link":"https:\/\/www.ecuadoraldia.com.ec\/?p=18223","title":{"rendered":"Ecuador ser\u00e1 sede de la IV cumbre por la paz y la vida."},"content":{"rendered":"<p><a href=\"http:\/\/www.ecuadoraldia.com.ec\/wp-content\/uploads\/2021\/01\/cumbre-iv.jpg\"><img loading=\"lazy\" decoding=\"async\" class=\"alignleft size-medium wp-image-18224\" src=\"http:\/\/www.ecuadoraldia.com.ec\/wp-content\/uploads\/2021\/01\/cumbre-iv-300x149.jpg\" alt=\"\" width=\"300\" height=\"149\" srcset=\"https:\/\/www.ecuadoraldia.com.ec\/wp-content\/uploads\/2021\/01\/cumbre-iv-300x149.jpg 300w, https:\/\/www.ecuadoraldia.com.ec\/wp-content\/uploads\/2021\/01\/cumbre-iv.jpg 490w\" sizes=\"(max-width: 300px) 100vw, 300px\" \/><\/a><\/p>\n<p>Quito, viernes 29 de enero de 2021. Este evento se desarrollar\u00e1 en Quito, Ecuador contar\u00e1 con la participaci\u00f3n de 74 pa\u00edses, quienes presentar\u00e1n sus ponencias, relacionadas con el arte, la Paz, la vida y un pacto de ternura por la medre tierra. Esta cuarta cumbre que tiene por t\u00edtulo desarmando las guerras a trav\u00e9s de manifestaciones culturales, se inaugurar\u00e1 el 19 de marzo de 2021 en el Museo de la Ciudad y Museo de la Medicina.<\/p>\n<p>Habr\u00e1 grandes manifestaciones culturales que presentar\u00e1n los artistas invitados de los Pa\u00edses miembros, como son: Pintura, danza, teatro, entre otras actividades.<\/p>\n<p>Tambi\u00e9n habr\u00e1 eventos en ciudades de varias provincias Ambato, Tungurahua y Portoviejo, Manab\u00ed,etc.<\/p>\n<p>En la Parroquia de Conocoto, se realizar\u00e1 un evento cultural en coordinaci\u00f3n con el Gobierno de la Provincia de Pichincha, una minga cultural y un mural considerado s\u00edmbolo de amos y \u00a0PAZ por la madre Tierra. David Celi, Laura Chavez, Gabriela Fajardo, Karen Silva, Mario Chica, har\u00e1n sus presentaciones, entre otros, desde el 26 de marzo al 10 de abril, del presente a\u00f1o.<\/p>\n<p>El coordinador del evento Ricardo Taco Lovato (Inti Amaru), inform\u00f3 que la cumbre ser\u00e1 abierta al p\u00fablico de todas las tendencias, porque las artes no tienen barreras.<\/p>\n<p>Delegaciones de \u00c1frica, Europa, Medio Oriente y Am\u00e9rica, han mencionado que estar\u00e1n presentes en este magno evento, pese a la emergencias sanitaria que se vive en elmundo.<\/p>\n","protected":false},"excerpt":{"rendered":"<p>Quito, viernes 29 de enero de 2021. Este evento se desarrollar\u00e1 en Quito, Ecuador contar\u00e1 con la participaci\u00f3n de 74<\/p>\n","protected":false},"author":1,"featured_media":0,"comment_status":"closed","ping_status":"closed","sticky":false,"template":"","format":"standard","meta":{"footnotes":""},"categories":[1],"tags":[91],"_links":{"self":[{"href":"https:\/\/www.ecuadoraldia.com.ec\/index.php?rest_route=\/wp\/v2\/posts\/18223"}],"collection":[{"href":"https:\/\/www.ecuadoraldia.com.ec\/index.php?rest_route=\/wp\/v2\/posts"}],"about":[{"href":"https:\/\/www.ecuadoraldia.com.ec\/index.php?rest_route=\/wp\/v2\/types\/post"}],"author":[{"embeddable":true,"href":"https:\/\/www.ecuadoraldia.com.ec\/index.php?rest_route=\/wp\/v2\/users\/1"}],"replies":[{"embeddable":true,"href":"https:\/\/www.ecuadoraldia.com.ec\/index.php?rest_route=%2Fwp%2Fv2%2Fcomments&post=18223"}],"version-history":[{"count":4,"href":"https:\/\/www.ecuadoraldia.com.ec\/index.php?rest_route=\/wp\/v2\/posts\/18223\/revisions"}],"predecessor-version":[{"id":18228,"href":"https:\/\/www.ecuadoraldia.com.ec\/index.php?rest_route=\/wp\/v2\/posts\/18223\/revisions\/18228"}],"wp:attachment":[{"href":"https:\/\/www.ecuadoraldia.com.ec\/index.php?rest_route=%2Fwp%2Fv2%2Fmedia&parent=18223"}],"wp:term":[{"taxonomy":"category","embeddable":true,"href":"https:\/\/www.ecuadoraldia.com.ec\/index.php?rest_route=%2Fwp%2Fv2%2Fcategories&post=18223"},{"taxonomy":"post_tag","embeddable":true,"href":"https:\/\/www.ecuadoraldia.com.ec\/index.php?rest_route=%2Fwp%2Fv2%2Ftags&post=18223"}],"curies":[{"name":"wp","href":"https:\/\/api.w.org\/{rel}","templated":true}]}}