{"id":1823,"date":"2014-04-03T22:44:23","date_gmt":"2014-04-03T22:44:23","guid":{"rendered":"http:\/\/www.ecuadoraldia.com.ec\/?p=1823"},"modified":"2014-04-03T22:44:23","modified_gmt":"2014-04-03T22:44:23","slug":"1823","status":"publish","type":"post","link":"https:\/\/www.ecuadoraldia.com.ec\/?p=1823","title":{"rendered":""},"content":{"rendered":"<p><a href=\"http:\/\/www.ecuadoraldia.com.ec\/wp-content\/uploads\/2014\/04\/alcaldes-vivi.jpg\"><img loading=\"lazy\" decoding=\"async\" src=\"http:\/\/www.ecuadoraldia.com.ec\/wp-content\/uploads\/2014\/04\/alcaldes-vivi-300x189.jpg\" alt=\"alcaldes vivi\" width=\"300\" height=\"189\" class=\"alignleft size-medium wp-image-1824\" srcset=\"https:\/\/www.ecuadoraldia.com.ec\/wp-content\/uploads\/2014\/04\/alcaldes-vivi-300x189.jpg 300w, https:\/\/www.ecuadoraldia.com.ec\/wp-content\/uploads\/2014\/04\/alcaldes-vivi.jpg 338w\" sizes=\"(max-width: 300px) 100vw, 300px\" \/><\/a>La secretaria de Gesti\u00f3n de la Pol\u00edtica, Viviana  Bonilla, se reuni\u00f3 hoy con 172 alcaldes y 13 prefectos, quienes presentaron un manifiesto a trav\u00e9s del cual se comprometieron a trabajar en conjunto con el presidente Rafael Correa.<\/p>\n<p>Para la funcionaria de Estado, el encuentro demuestra que m\u00e1s all\u00e1 \u00abde las tiendas pol\u00edticas, se ha entendido, se ha comprendido, que la \u00fanica forma de obtener mayores beneficios para los ciudadanos es trabajando en forma coordinada con  el resto de instituciones del Estado\u00bb.<\/p>\n<p>Detall\u00f3 su inter\u00e9s por mantener con los representantes de los Gobiernos Aut\u00f3nomos Descentralizados (GAD) un \u00abdi\u00e1logo permanente y transparente\u00bb, con miras a seguir ejecutando en los territorios el Plan Nacional del Buen Vivir.<\/p>\n<p>\u00abSe necesita un trabajo en conjunto de la alcald\u00edas, prefecturas, juntas parroquiales para obtener mayores beneficios para los ciudadanos\u00bb, sostuvo Bonilla.<\/p>\n<p>La  funcionaria enfatiz\u00f3 que el di\u00e1logo ser\u00e1 m\u00e1s all\u00e1 de las tiendas pol\u00edticas, por ello dijo que estar\u00e1 presta a conversar con alcaldes como Jaime Nebot, de Guayaquil, quien no asisti\u00f3 al encuentro. \u00abClaro que estamos dispuestos a conversar con \u00e9l, la pregunta ser\u00eda para \u00e9l: \u00bfsi est\u00e1 dispuesto a conversar con nosotros?\u00bb, acot\u00f3 Bonilla.<\/p>\n<p>Manifest\u00f3 que como parte de esta reuni\u00f3n, que se realizar\u00e1 por dos d\u00edas, se analizar\u00e1 la \u00abhoja de ruta\u00bb del trabajo con los GAD. A\u00f1adi\u00f3 que una de las leyes que se analizar\u00e1n es el C\u00f3digo de Desarrollo Urbano como iniciativa del Ejecutivo, pero \u00abno se podr\u00e1 ejecutar si no lo trabajamos de forma coordinada con los alcaldes y prefectos\u00bb.<\/p>\n<p>Indic\u00f3 que espera que estos encuentros con los representantes de los GAD no sea el \u00fanico, pero \u00absin sesgos pol\u00edticos, en donde estoy segura que vamos a encontrar siempre coincidencias que nos permitan trabajar por el bien de todos\u00bb.<\/p>\n<p>Rub\u00e9n Miranda, alcalde de Bucay, se\u00f1al\u00f3 que con el manifiesto aseguran el respaldo al proceso de Revoluci\u00f3n Ciudadana. \u00abCuente con este contingente de hombres y mujeres quienes nos comprometemos con su liderazgo\u00bb, apunt\u00f3.<\/p>\n<p>Miranda destac\u00f3 que el presidente Correa, a pesar de las diferentes banderas pol\u00edticas, trabajar\u00e1 \u00absin ego\u00edsmos ni discriminaci\u00f3n con los gobiernos municipales comprometidos con el Buen Vivir\u00bb.<\/p>\n<p>V\u00edctor Manuel Quirola, alcalde de Santo Domingo, recalc\u00f3 que los burgomaestres coinciden \u00abcon su manera de hacer pol\u00edtica\u00bb. Reconoci\u00f3 el trabajo de Correa por dejar un \u00abEcuador diferente\u00bb. Exhort\u00f3 fiscalizaci\u00f3n a las autoridades salientes, para que \u00ablos representantes entrantes puedan garantizar una lucha a favor del pueblo ecuatoriano\u00bb.<\/p>\n<p>Finalmente, Bonilla destac\u00f3 que propone una Secretaria \u00abde campo y no de escritorio\u00bb, y por ello se\u00f1al\u00f3 que realizar\u00e1 recorridos permanentes.<\/p>\n<p>Vinicio Gonzabay,  alcalde Santa Elena, manifest\u00f3 que los GAD \u00abexigir\u00e1n al Gobierno que se explote el Yasun\u00ed, porque los GAD tenemos necesidades que se deben cumplir en agua potable, alcantarillado, desechos s\u00f3lidos\u00bb. Agreg\u00f3 que en zonas como Anc\u00f3n, que vivieron m\u00e1s de 20 a\u00f1os de explotaci\u00f3n petrolera, no hubo desarrollo.(El tel\u00e9grafo-ecuadoraldia.com.ec)<\/p>\n","protected":false},"excerpt":{"rendered":"<p>La secretaria de Gesti\u00f3n de la Pol\u00edtica, Viviana Bonilla, se reuni\u00f3 hoy con 172 alcaldes y 13 prefectos, quienes presentaron<\/p>\n","protected":false},"author":1,"featured_media":0,"comment_status":"open","ping_status":"open","sticky":false,"template":"","format":"standard","meta":{"footnotes":""},"categories":[3],"tags":[],"_links":{"self":[{"href":"https:\/\/www.ecuadoraldia.com.ec\/index.php?rest_route=\/wp\/v2\/posts\/1823"}],"collection":[{"href":"https:\/\/www.ecuadoraldia.com.ec\/index.php?rest_route=\/wp\/v2\/posts"}],"about":[{"href":"https:\/\/www.ecuadoraldia.com.ec\/index.php?rest_route=\/wp\/v2\/types\/post"}],"author":[{"embeddable":true,"href":"https:\/\/www.ecuadoraldia.com.ec\/index.php?rest_route=\/wp\/v2\/users\/1"}],"replies":[{"embeddable":true,"href":"https:\/\/www.ecuadoraldia.com.ec\/index.php?rest_route=%2Fwp%2Fv2%2Fcomments&post=1823"}],"version-history":[{"count":1,"href":"https:\/\/www.ecuadoraldia.com.ec\/index.php?rest_route=\/wp\/v2\/posts\/1823\/revisions"}],"predecessor-version":[{"id":1825,"href":"https:\/\/www.ecuadoraldia.com.ec\/index.php?rest_route=\/wp\/v2\/posts\/1823\/revisions\/1825"}],"wp:attachment":[{"href":"https:\/\/www.ecuadoraldia.com.ec\/index.php?rest_route=%2Fwp%2Fv2%2Fmedia&parent=1823"}],"wp:term":[{"taxonomy":"category","embeddable":true,"href":"https:\/\/www.ecuadoraldia.com.ec\/index.php?rest_route=%2Fwp%2Fv2%2Fcategories&post=1823"},{"taxonomy":"post_tag","embeddable":true,"href":"https:\/\/www.ecuadoraldia.com.ec\/index.php?rest_route=%2Fwp%2Fv2%2Ftags&post=1823"}],"curies":[{"name":"wp","href":"https:\/\/api.w.org\/{rel}","templated":true}]}}