{"id":1826,"date":"2014-04-03T22:45:52","date_gmt":"2014-04-03T22:45:52","guid":{"rendered":"http:\/\/www.ecuadoraldia.com.ec\/?p=1826"},"modified":"2014-04-03T22:45:52","modified_gmt":"2014-04-03T22:45:52","slug":"alcalde-de-berlin-destaca-los-avances-economicos-del-ecuador","status":"publish","type":"post","link":"https:\/\/www.ecuadoraldia.com.ec\/?p=1826","title":{"rendered":"Alcalde de Berl\u00edn destaca los avances econ\u00f3micos del Ecuador"},"content":{"rendered":"<p><a href=\"http:\/\/www.ecuadoraldia.com.ec\/wp-content\/uploads\/2014\/04\/alcaldeBerln.jpg\"><img loading=\"lazy\" decoding=\"async\" src=\"http:\/\/www.ecuadoraldia.com.ec\/wp-content\/uploads\/2014\/04\/alcaldeBerln-300x196.jpg\" alt=\"alcaldeBerln\" width=\"300\" height=\"196\" class=\"alignleft size-medium wp-image-1827\" srcset=\"https:\/\/www.ecuadoraldia.com.ec\/wp-content\/uploads\/2014\/04\/alcaldeBerln-300x196.jpg 300w, https:\/\/www.ecuadoraldia.com.ec\/wp-content\/uploads\/2014\/04\/alcaldeBerln.jpg 450w\" sizes=\"(max-width: 300px) 100vw, 300px\" \/><\/a>El presidente Rafael Correa se reuni\u00f3 est\u00e1 ma\u00f1ana con el alcalde de Berl\u00edn, Klaus Wowereit, quien durante su encuentro reconoci\u00f3 los avances econ\u00f3micos del Ecuador.  \u00abDe acuerdo a los informes que hemos recibido en los \u00faltimos a\u00f1os sobre el Ecuador, hemos o\u00eddo que bajo su presidencia, han existido muchos progresos econ\u00f3micos. Adem\u00e1s, la brecha social no se ha abierto m\u00e1s, sino que se ha cerrado, y eso es algo que nos parece indispensable para alcanzar el desarrollo\u00bb, dijo el burgomaestre.<\/p>\n<p>De su lado, Correa se\u00f1al\u00f3 que Ecuador est\u00e1 interesado en conocer sobre el desarrollo de la capital alemana en el impulso a nuevas impresas, tratamiento de residuos s\u00f3lidos y promoci\u00f3n tur\u00edstica.<\/p>\n<p>\u00abSabemos que Berl\u00edn ha tenido un despegue espectacular. Siempre estamos dispuestos a aprender de las experiencias exitosas\u00bb, sostuvo.<\/p>\n<p>Wowereit, quien fue condecorado por el Municipio de Quito, enfatiz\u00f3 que  las relaciones entre Alemania y Ecuador \u00absiempre han sido muy buenas, pero es necesario que sigamos expandi\u00e9ndolas y desarroll\u00e1ndolas en el campo social, econ\u00f3mico y tur\u00edstico\u00bb.<\/p>\n<p>El burgomaestre indic\u00f3 que coincidi\u00f3 con Correa en que \u00abtanto la pol\u00edtica en Ecuador como en Berl\u00edn tiene un solo objetivo: ser una pol\u00edtica para el ser humano, una pol\u00edtica que integre a las personas y que todos tengan igualdad de condiciones\u00bb.<\/p>\n<p>Correa se\u00f1al\u00f3 que el problema de Ecuador y Am\u00e9rica Latina \u00abha sido la desigualdad. Eso es lo que produce pobreza, porque con el nivel de producci\u00f3n que tenemos ahora, con los recursos, se podr\u00eda eliminar la pobreza\u00bb.<\/p>\n<p>El alcalde la capital alemana dijo que las \u00abgrandes ciudades tienen tanto que aprender las unas de las otras y las buenas ideas, por suerte, no tienen un registro de propiedad y se pueden replicar entre ciudades hermanas\u00bb.<\/p>\n<p>Invitaci\u00f3n a  conocer sistema de \u00abtransporte de cercan\u00edas\u00bb<br \/>\nWowereit enfatiz\u00f3 que como parte de la reuni\u00f3n con Correa se analiz\u00f3 la posibilidad de que expertos ecuatorianos viajen a Berl\u00edn para ver como funciona el sistema de \u00abtransportes de cercan\u00edas\u00bb en ese pa\u00eds. \u00abSe deben de tener sistemas de transporte p\u00fablicos viables\u00bb.<\/p>\n<p>Sostuvo que el Metro Quito es un tema muy importante, \u00abes un proyecto de larga duraci\u00f3n, bastante caro y que  toma su tiempo en la ejecuci\u00f3n, sin embargo, su efectividad es alt\u00edsima porque logra transportar grandes cantidad de personas en sitios muy poblados\u00bb.<\/p>\n<p>El funcionario germano destac\u00f3 que como parte de su gira se reunir\u00e1 ma\u00f1ana con el alcalde electo de Quito, Mauricio Rodas. \u00abEstoy contento de conocerlo porque empezar\u00e1 con sus funciones en mayo\u00bb, acot\u00f3.<\/p>\n","protected":false},"excerpt":{"rendered":"<p>El presidente Rafael Correa se reuni\u00f3 est\u00e1 ma\u00f1ana con el alcalde de Berl\u00edn, Klaus Wowereit, quien durante su encuentro reconoci\u00f3<\/p>\n","protected":false},"author":1,"featured_media":0,"comment_status":"open","ping_status":"open","sticky":false,"template":"","format":"standard","meta":{"footnotes":""},"categories":[1],"tags":[],"_links":{"self":[{"href":"https:\/\/www.ecuadoraldia.com.ec\/index.php?rest_route=\/wp\/v2\/posts\/1826"}],"collection":[{"href":"https:\/\/www.ecuadoraldia.com.ec\/index.php?rest_route=\/wp\/v2\/posts"}],"about":[{"href":"https:\/\/www.ecuadoraldia.com.ec\/index.php?rest_route=\/wp\/v2\/types\/post"}],"author":[{"embeddable":true,"href":"https:\/\/www.ecuadoraldia.com.ec\/index.php?rest_route=\/wp\/v2\/users\/1"}],"replies":[{"embeddable":true,"href":"https:\/\/www.ecuadoraldia.com.ec\/index.php?rest_route=%2Fwp%2Fv2%2Fcomments&post=1826"}],"version-history":[{"count":1,"href":"https:\/\/www.ecuadoraldia.com.ec\/index.php?rest_route=\/wp\/v2\/posts\/1826\/revisions"}],"predecessor-version":[{"id":1828,"href":"https:\/\/www.ecuadoraldia.com.ec\/index.php?rest_route=\/wp\/v2\/posts\/1826\/revisions\/1828"}],"wp:attachment":[{"href":"https:\/\/www.ecuadoraldia.com.ec\/index.php?rest_route=%2Fwp%2Fv2%2Fmedia&parent=1826"}],"wp:term":[{"taxonomy":"category","embeddable":true,"href":"https:\/\/www.ecuadoraldia.com.ec\/index.php?rest_route=%2Fwp%2Fv2%2Fcategories&post=1826"},{"taxonomy":"post_tag","embeddable":true,"href":"https:\/\/www.ecuadoraldia.com.ec\/index.php?rest_route=%2Fwp%2Fv2%2Ftags&post=1826"}],"curies":[{"name":"wp","href":"https:\/\/api.w.org\/{rel}","templated":true}]}}