{"id":18280,"date":"2021-04-13T14:32:35","date_gmt":"2021-04-13T19:32:35","guid":{"rendered":"http:\/\/www.ecuadoraldia.com.ec\/?p=18280"},"modified":"2021-04-13T14:45:18","modified_gmt":"2021-04-13T19:45:18","slug":"la-alianza-entre-2-leyendas-centenarias-se-consolida-en-la-busqueda-de-un-solo-objetivo","status":"publish","type":"post","link":"https:\/\/www.ecuadoraldia.com.ec\/?p=18280","title":{"rendered":"Maresa y Liga de Quito juntos por el Deporte ecuatoriano"},"content":{"rendered":"<figure id=\"attachment_18281\" aria-describedby=\"caption-attachment-18281\" style=\"width: 300px\" class=\"wp-caption alignleft\"><a href=\"http:\/\/www.ecuadoraldia.com.ec\/wp-content\/uploads\/2021\/04\/Mazda-Liga.jpg\"><img loading=\"lazy\" decoding=\"async\" class=\"size-medium wp-image-18281\" src=\"http:\/\/www.ecuadoraldia.com.ec\/wp-content\/uploads\/2021\/04\/Mazda-Liga-300x185.jpg\" alt=\"\" width=\"300\" height=\"185\" srcset=\"https:\/\/www.ecuadoraldia.com.ec\/wp-content\/uploads\/2021\/04\/Mazda-Liga-300x185.jpg 300w, https:\/\/www.ecuadoraldia.com.ec\/wp-content\/uploads\/2021\/04\/Mazda-Liga.jpg 343w\" sizes=\"(max-width: 300px) 100vw, 300px\" \/><\/a><figcaption id=\"caption-attachment-18281\" class=\"wp-caption-text\">Santiago Castro, gerente\u00a0 Maresa, Adri\u00e1n Gabbarini, Marcelo Estrella, Santiago J\u00e1come, Juan Jos\u00e9 Varea.<\/figcaption><\/figure>\n<p>Mazda y Liga Deportiva Universitaria, dos \u00edconos que viven una arraigada pasi\u00f3n por los autos y el f\u00fatbol se unen, la marca automotriz de renombre mundial auspiciar\u00e1 al equipo \u201cAlbo\u201d en el campeonato Liga Pro 2021.<\/p>\n<p>Durante m\u00e1s de 100 a\u00f1os Mazda y Liga Deportiva Universitaria, han marcado el rumbo de la historia destacando su trayectoria a trav\u00e9s de acciones en el campo automotriz y deportivo respectivamente. Nuestra marca japonesa Mazda, siempre incorpora elementos de dise\u00f1o y equipamiento que refrescan y actualizan su imagen, as\u00ed como el desarrollo de los m\u00e1s altos est\u00e1ndares automotrices, que nos fortalecen en prestigio a nivel mundial.<\/p>\n<p>Estas caracter\u00edsticas nos asemejan, nos destacan y nos unen con la Liga de Quito, un plantel que ha llenado de alegr\u00edas a los ecuatorianos cuando celebramos los triunfos en Copa Libertadores, Sudamericana, Recopa Sudamericana y Campeonatos nacionales. Mazda, por su lado, ha sido galardonada como la marca #1 elegida como la m\u00e1s confiable por clientes y expertos y reconocida como el mejor productor automotriz para este 2021 por la organizaci\u00f3n Consumer Reports y premiada con muchos otros reconocimientos.<\/p>\n<p>Como Corporaci\u00f3n Maresa, se consolida la alianza a favor del deporte ecuatoriano,\u00a0 exaltando el legado que ha dejado Liga de Quito en el balompi\u00e9 de nuestro pa\u00eds.\u00a0 En el acto se entregaron 3 veh\u00edculos:<\/p>\n<p>1\u00a0 MAZDA CX-3 a Luis Amarilla, delantero de Liga. Nuestro CX-3 y Luis comparten muchos atributos como la potencia y agilidad. Este veh\u00edculo es sin duda el m\u00e1s potente de su segmento, como lo ser\u00e1 este goleador al destacarse lleno de agilidad y fuerza dentro del campo de juego.<\/p>\n<p>1 MAZDA CX-3 a Adri\u00e1n Gabbarini, arquero y capit\u00e1n del equipo. Gabbarini y el CX-3 tambi\u00e9n comparten muchas cualidades. Nuestro capit\u00e1n resguarda todos los espacios del arco de Liga, como este SUV protege a todos sus ocupantes con sus 6 airbags y un avanzado equipamiento de seguridad, la m\u00e1xima en su segmento.<\/p>\n<p>1 MAZDA BT-50 4X4\u00a0a las formativas del equipo, un veh\u00edculo \u00fanico que se destaca por su fortaleza, resistencia y confiabilidad, al igual que la fuerza e \u00edmpetu de las j\u00f3venes promesas del plantel. (DG)<\/p>\n<p>&nbsp;<\/p>\n","protected":false},"excerpt":{"rendered":"<p>Mazda y Liga Deportiva Universitaria, dos \u00edconos que viven una arraigada pasi\u00f3n por los autos y el f\u00fatbol se unen,<\/p>\n","protected":false},"author":1,"featured_media":0,"comment_status":"closed","ping_status":"closed","sticky":false,"template":"","format":"standard","meta":{"footnotes":""},"categories":[1],"tags":[99],"_links":{"self":[{"href":"https:\/\/www.ecuadoraldia.com.ec\/index.php?rest_route=\/wp\/v2\/posts\/18280"}],"collection":[{"href":"https:\/\/www.ecuadoraldia.com.ec\/index.php?rest_route=\/wp\/v2\/posts"}],"about":[{"href":"https:\/\/www.ecuadoraldia.com.ec\/index.php?rest_route=\/wp\/v2\/types\/post"}],"author":[{"embeddable":true,"href":"https:\/\/www.ecuadoraldia.com.ec\/index.php?rest_route=\/wp\/v2\/users\/1"}],"replies":[{"embeddable":true,"href":"https:\/\/www.ecuadoraldia.com.ec\/index.php?rest_route=%2Fwp%2Fv2%2Fcomments&post=18280"}],"version-history":[{"count":5,"href":"https:\/\/www.ecuadoraldia.com.ec\/index.php?rest_route=\/wp\/v2\/posts\/18280\/revisions"}],"predecessor-version":[{"id":18286,"href":"https:\/\/www.ecuadoraldia.com.ec\/index.php?rest_route=\/wp\/v2\/posts\/18280\/revisions\/18286"}],"wp:attachment":[{"href":"https:\/\/www.ecuadoraldia.com.ec\/index.php?rest_route=%2Fwp%2Fv2%2Fmedia&parent=18280"}],"wp:term":[{"taxonomy":"category","embeddable":true,"href":"https:\/\/www.ecuadoraldia.com.ec\/index.php?rest_route=%2Fwp%2Fv2%2Fcategories&post=18280"},{"taxonomy":"post_tag","embeddable":true,"href":"https:\/\/www.ecuadoraldia.com.ec\/index.php?rest_route=%2Fwp%2Fv2%2Ftags&post=18280"}],"curies":[{"name":"wp","href":"https:\/\/api.w.org\/{rel}","templated":true}]}}