{"id":18287,"date":"2021-04-13T14:55:16","date_gmt":"2021-04-13T19:55:16","guid":{"rendered":"http:\/\/www.ecuadoraldia.com.ec\/?p=18287"},"modified":"2021-04-13T14:55:16","modified_gmt":"2021-04-13T19:55:16","slug":"corporacion-favorita-y-gira-inician-plan-de-reforestacion","status":"publish","type":"post","link":"https:\/\/www.ecuadoraldia.com.ec\/?p=18287","title":{"rendered":"CORPORACI\u00d3N FAVORITA Y GIRA INICIAN  PLAN DE REFORESTACI\u00d3N"},"content":{"rendered":"<p><a href=\"http:\/\/www.ecuadoraldia.com.ec\/wp-content\/uploads\/2021\/04\/EMPRESAS-PROMOTOR.jpg\"><img loading=\"lazy\" decoding=\"async\" class=\"alignleft size-medium wp-image-18288\" src=\"http:\/\/www.ecuadoraldia.com.ec\/wp-content\/uploads\/2021\/04\/EMPRESAS-PROMOTOR-300x135.jpg\" alt=\"\" width=\"300\" height=\"135\" srcset=\"https:\/\/www.ecuadoraldia.com.ec\/wp-content\/uploads\/2021\/04\/EMPRESAS-PROMOTOR-300x135.jpg 300w, https:\/\/www.ecuadoraldia.com.ec\/wp-content\/uploads\/2021\/04\/EMPRESAS-PROMOTOR.jpg 302w\" sizes=\"(max-width: 300px) 100vw, 300px\" \/><\/a><\/p>\n<p><strong>La meta se cumplir\u00e1 en cinco a\u00f1os. Los primeros 50 mil \u00e1rboles se sembraron en las estribaciones del Cerro Puntas, con la ayuda del Fondo para la Protecci\u00f3n del Agua (FONAG) <\/strong><\/p>\n<p>El plan de reforestaci\u00f3n es parte de un proyecto conjunto de Corporaci\u00f3n Favorita y GIRA, con el apoyo de empresas proveedoras de la cadena de supermercados. GIRA es la nueva filial de Corporaci\u00f3n Favorita que se dedica al manejo de residuos de una forma eficiente y responsable, con enfoque de econom\u00eda circular.<\/p>\n<p>Como parte de un programa integral ambiental, las empresas se han propuesto la meta de sembrar 250 mil \u00e1rboles en los pr\u00f3ximos 5 a\u00f1os. Los primeros 50 mil se sembraron con el apoyo del Fondo para la Protecci\u00f3n del Agua (FONAG). Se trata de especies end\u00e9micas y emblem\u00e1tica de la zona.<\/p>\n<p>Este plan es parte del proyecto GIRA, que se enfoca en el manejo adecuado de residuos, que inicia con la recolecci\u00f3n de 10 diferentes tipos de materiales (empaques PET, pl\u00e1stico flexible, pl\u00e1stico r\u00edgido, espuma flex, papel, cart\u00f3n, Tetra Pak\u00e2, vidrio y latas), en puntos de reciclaje ubicados en las zonas de parqueo de los locales de supermercados de Corporaci\u00f3n Favorita. Hasta fines de 2021 se contar\u00e1 con una red de 120 puntos GIRA en todo el pa\u00eds.<\/p>\n<p>Se trata de un proyecto sin precedentes en el pa\u00eds, que involucra a toda la cadena de valor de Corporaci\u00f3n Favorita. Cuenta con el apoyo de 10 empresas proveedoras: Alpina, Deja, D\u00b4Hoy, Flexiplast, G\u00fcitig, Juris, Nature\u00b4s Heart, Nestl\u00e9, Suavitel y Tetra Pak y otras marcas auspiciantes: Goldery, Glade y Girasol.<\/p>\n<p><strong>M\u00c1S SOBRE GIRA<\/strong><\/p>\n<p>GIRA, Gesti\u00f3n Integral de Recursos Ambientales, es una empresa dedicada a la gesti\u00f3n integral de residuos. Brinda soluciones ambientales para el manejo eficiente y aprovechamiento de los recursos, de una forma innovadora, con enfoque de econom\u00eda circular.<\/p>\n<p>Tiene como prop\u00f3sito lograr un impacto positivo en el mundo, mediante el manejo responsable de los recursos y la creaci\u00f3n de valor en las cadenas productivas, la sociedad y el medio ambiente. Sus pilares corporativos son: Generar Valor, Generar Cultura, Mejorar la calidad de vida y Ser Sostenibles. A trav\u00e9s de sus ejes de acci\u00f3n: Cultura y Educaci\u00f3n, Investigaci\u00f3n, Desarrollo e Innovaci\u00f3n y Manejo de Residuos, GIRA contribuye a los Objetivos de Desarrollo Sostenible (ODS).<\/p>\n<p>GIRA es el primer gestor ambiental de residuos no peligrosos que opta por el camino del Sistema B en Ecuador. Cuenta con el registro ambiental del Ministerio del Ambiente que le certifica como \u201cCentro Tecnificado de Reciclaje de residuos no peligrosos\u201d; Cuenta con el registro como \u201cReciclador de Materia Prima\u201d otorgado para el Ministerio de Producci\u00f3n, Comercio Exterior, Inversiones y Pesca.<\/p>\n<p>Adem\u00e1s de la gesti\u00f3n de residuos de 10 tipos, GIRA brinda servicios de procesamiento de cart\u00f3n, pl\u00e1stico y otros residuos a nivel industrial, en coordinaci\u00f3n con gestores calificados.<\/p>\n<p><strong>M\u00c1S SOBRE CORPORACI\u00d3N FAVORITA<\/strong><\/p>\n<p>La empresa ecuatoriana naci\u00f3 en 1952 como un peque\u00f1o emprendimiento de venta de art\u00edculos para el hogar, en el centro de Quito; en 1957 fue el primer autoservicio del pa\u00eds. En la actualidad desarrolla sus actividades con firmas filiales en los sectores comercial, industrial e inmobiliario; es una de las mayores generadoras de empleo del pa\u00eds y fue una de las primeras firmas nacionales en abrir su capital al p\u00fablico, en 1976.<\/p>\n<p>La cadena de valor de la empresa y sus filiales, en Ecuador y Panam\u00e1, est\u00e1 compuesta por m\u00e1s de 21 mil colaboradores directos; una red de 12 mil proveedores peque\u00f1os, medianos y grandes; y, m\u00e1s de 17 mil accionistas, de los cuales alrededor del 32% son colaboradores y ex colaboradores de la empresa. Se estima que las actividades de la empresa y sus filiales generan adem\u00e1s cerca de 278 mil empleos indirectos.<\/p>\n<p>Corporaci\u00f3n Favorita busca permanentemente mejorar la calidad de vida de todos los involucrados en su cadena de valor, ofreciendo los mejores productos, servicios y experiencias, de forma eficiente, sostenible y responsable con la sociedad y el entorno. (DG)<\/p>\n","protected":false},"excerpt":{"rendered":"<p>La meta se cumplir\u00e1 en cinco a\u00f1os. Los primeros 50 mil \u00e1rboles se sembraron en las estribaciones del Cerro Puntas,<\/p>\n","protected":false},"author":1,"featured_media":0,"comment_status":"closed","ping_status":"closed","sticky":false,"template":"","format":"standard","meta":{"footnotes":""},"categories":[1],"tags":[],"_links":{"self":[{"href":"https:\/\/www.ecuadoraldia.com.ec\/index.php?rest_route=\/wp\/v2\/posts\/18287"}],"collection":[{"href":"https:\/\/www.ecuadoraldia.com.ec\/index.php?rest_route=\/wp\/v2\/posts"}],"about":[{"href":"https:\/\/www.ecuadoraldia.com.ec\/index.php?rest_route=\/wp\/v2\/types\/post"}],"author":[{"embeddable":true,"href":"https:\/\/www.ecuadoraldia.com.ec\/index.php?rest_route=\/wp\/v2\/users\/1"}],"replies":[{"embeddable":true,"href":"https:\/\/www.ecuadoraldia.com.ec\/index.php?rest_route=%2Fwp%2Fv2%2Fcomments&post=18287"}],"version-history":[{"count":1,"href":"https:\/\/www.ecuadoraldia.com.ec\/index.php?rest_route=\/wp\/v2\/posts\/18287\/revisions"}],"predecessor-version":[{"id":18289,"href":"https:\/\/www.ecuadoraldia.com.ec\/index.php?rest_route=\/wp\/v2\/posts\/18287\/revisions\/18289"}],"wp:attachment":[{"href":"https:\/\/www.ecuadoraldia.com.ec\/index.php?rest_route=%2Fwp%2Fv2%2Fmedia&parent=18287"}],"wp:term":[{"taxonomy":"category","embeddable":true,"href":"https:\/\/www.ecuadoraldia.com.ec\/index.php?rest_route=%2Fwp%2Fv2%2Fcategories&post=18287"},{"taxonomy":"post_tag","embeddable":true,"href":"https:\/\/www.ecuadoraldia.com.ec\/index.php?rest_route=%2Fwp%2Fv2%2Ftags&post=18287"}],"curies":[{"name":"wp","href":"https:\/\/api.w.org\/{rel}","templated":true}]}}