{"id":18290,"date":"2021-04-15T08:57:20","date_gmt":"2021-04-15T13:57:20","guid":{"rendered":"http:\/\/www.ecuadoraldia.com.ec\/?p=18290"},"modified":"2021-04-15T11:01:36","modified_gmt":"2021-04-15T16:01:36","slug":"miscelaneas-de-las-noticias","status":"publish","type":"post","link":"https:\/\/www.ecuadoraldia.com.ec\/?p=18290","title":{"rendered":"Miscel\u00e1neas de las noticias"},"content":{"rendered":"<p><a href=\"http:\/\/www.ecuadoraldia.com.ec\/wp-content\/uploads\/2021\/04\/imagen-covid.png\"><img loading=\"lazy\" decoding=\"async\" class=\"alignleft size-medium wp-image-18295\" src=\"http:\/\/www.ecuadoraldia.com.ec\/wp-content\/uploads\/2021\/04\/imagen-covid-300x139.png\" alt=\"\" width=\"300\" height=\"139\" srcset=\"https:\/\/www.ecuadoraldia.com.ec\/wp-content\/uploads\/2021\/04\/imagen-covid-300x139.png 300w, https:\/\/www.ecuadoraldia.com.ec\/wp-content\/uploads\/2021\/04\/imagen-covid.png 513w\" sizes=\"(max-width: 300px) 100vw, 300px\" \/><\/a><\/p>\n<p>Casos de coronavirus en Ecuador.<br \/>\nEl Ministerio de Salud P\u00fablica report\u00f3 este lunes 12 de abril la existencia de 253 nuevos casos confirmados de coronavirus y 5 fallecidos.<br \/>\nLa cifra de vacunados que consta en la p\u00e1gina del Plan Vacunarse, del MSP, reporta que hasta el 10 de abril 274.160 personas recibieron la primera dosis de la vacuna contra el coronavirus y 183.300 han recibido la segunda dosis.<\/p>\n<p>El Ministerio de Salud P\u00fablica (MSP) avanza con el Plan Vacunarse con la llegada del noveno lote de 53.820 dosis de la farmac\u00e9utica Pfizer, que arrib\u00f3 la tarde del lunes 5 de abril de 2021, al aeropuerto Mariscal Sucre, de Quito.<\/p>\n<p>La viceministra de Atenci\u00f3n del MSP, Maribel Cruz, record\u00f3 que hasta el momento se han administrado m\u00e1s de 300.000 dosis, como parte de la Fase 1 que se encuentra en desarrollo. \u201cNuestro compromiso es firme como Gobierno Nacional en garantizar la salud de los ecuatorianos y protegerlos de la COVID-19\u201d, dijo.<\/p>\n<p>Con este cargamento, suman m\u00e1s de 500.000 dosis que ha recibido Ecuador. Este d\u00eda, hasta los 80 puntos de vacunaci\u00f3n a escala nacional, estaba previsto que m\u00e1s de 34.000 beneficiarios convocados reciban la vacuna. Se incluy\u00f3 por primera vez a los profesores del sistema educativo y se continu\u00f3 con el personal de salud, adultos mayores y polic\u00edas. (Fuente: Ministerio de Salud P\u00fablica).<\/p>\n<p><a href=\"http:\/\/www.ecuadoraldia.com.ec\/wp-content\/uploads\/2021\/04\/riesgo-pais-ecuador.jpg\"><img loading=\"lazy\" decoding=\"async\" class=\"alignleft size-medium wp-image-18296\" src=\"http:\/\/www.ecuadoraldia.com.ec\/wp-content\/uploads\/2021\/04\/riesgo-pais-ecuador-300x200.jpg\" alt=\"\" width=\"300\" height=\"200\" srcset=\"https:\/\/www.ecuadoraldia.com.ec\/wp-content\/uploads\/2021\/04\/riesgo-pais-ecuador-300x200.jpg 300w, https:\/\/www.ecuadoraldia.com.ec\/wp-content\/uploads\/2021\/04\/riesgo-pais-ecuador.jpg 486w\" sizes=\"(max-width: 300px) 100vw, 300px\" \/><\/a><\/p>\n<p>El riesgo pa\u00eds de Ecuador cay\u00f3 345 puntos tras el triunfo de Guillermo Lasso<br \/>\nLos mercados reaccionaron ante la llegada de Guillermo Lasso a la Presidencia de la Rep\u00fablica. Al cierre de este 12 de abril de 2021, el indicador se situ\u00f3 en 824 puntos mientras que el viernes pasado se situaba en 1.169<\/p>\n<p>El riesgo pa\u00eds es un indicador que mide las posibilidades de pago de deuda de un pa\u00eds y es elaborado por el banco estadounidense JP Morgan. Mientras m\u00e1s alto sea el indicador, m\u00e1s crecen las tasas de inter\u00e9s a la hora de endeudarse, tanto para las entidades p\u00fablicas como para las privadas.<\/p>\n<p>Seg\u00fan mandatario electo, se necesita bajar a\u00fan m\u00e1s el riesgo pa\u00eds para conseguir cr\u00e9dito barato y para que las entidades puedan bajar las tasas de inter\u00e9s en el pa\u00eds. (Fuente: Diario el Universo).<\/p>\n<figure id=\"attachment_18297\" aria-describedby=\"caption-attachment-18297\" style=\"width: 300px\" class=\"wp-caption alignleft\"><a href=\"http:\/\/www.ecuadoraldia.com.ec\/wp-content\/uploads\/2021\/04\/cooprogreso-flyer-01.jpg\"><img loading=\"lazy\" decoding=\"async\" class=\"size-medium wp-image-18297\" src=\"http:\/\/www.ecuadoraldia.com.ec\/wp-content\/uploads\/2021\/04\/cooprogreso-flyer-01-300x208.jpg\" alt=\"\" width=\"300\" height=\"208\" srcset=\"https:\/\/www.ecuadoraldia.com.ec\/wp-content\/uploads\/2021\/04\/cooprogreso-flyer-01-300x208.jpg 300w, https:\/\/www.ecuadoraldia.com.ec\/wp-content\/uploads\/2021\/04\/cooprogreso-flyer-01-392x272.jpg 392w, https:\/\/www.ecuadoraldia.com.ec\/wp-content\/uploads\/2021\/04\/cooprogreso-flyer-01-130x90.jpg 130w, https:\/\/www.ecuadoraldia.com.ec\/wp-content\/uploads\/2021\/04\/cooprogreso-flyer-01.jpg 468w\" sizes=\"(max-width: 300px) 100vw, 300px\" \/><\/a><figcaption id=\"caption-attachment-18297\" class=\"wp-caption-text\">Imagen cooprogreso.<\/figcaption><\/figure>\n<p>Reconstruir mejor juntos: es el tema del D\u00eda Internacional de las Cooperativas de 2021<\/p>\n<p>El pr\u00f3ximo 3 de julio, se celebrar\u00e1 el D\u00eda Internacional de las Cooperativas (#CoopsDay) con el tema \u00abReconstruir mejor juntos\u00bb. Las cooperativas de todo el mundo mostrar\u00e1n c\u00f3mo est\u00e1n afrontando la crisis provocada por la pandemia de la COVID-19 con solidaridad y resiliencia.<\/p>\n<p>El #CoopsDay ser\u00e1 la ocasi\u00f3n ideal para demostrar que los modelos de negocios centrados en las personas, basados en los valores cooperativos de autoayuda, solidaridad y valores \u00e9ticos de responsabilidad social y sentimiento de comunidad, permiten reducir las desigualdades, crear prosperidad com\u00fan y responder a los estragos inmediatos que la pandemia esta causando.<\/p>\n<p>Fuente: Alianza Cooperativa Internacional. (Johana Segovia)<\/p>\n","protected":false},"excerpt":{"rendered":"<p>Casos de coronavirus en Ecuador. El Ministerio de Salud P\u00fablica report\u00f3 este lunes 12 de abril la existencia de 253<\/p>\n","protected":false},"author":1,"featured_media":0,"comment_status":"closed","ping_status":"closed","sticky":false,"template":"","format":"standard","meta":{"footnotes":""},"categories":[1],"tags":[],"_links":{"self":[{"href":"https:\/\/www.ecuadoraldia.com.ec\/index.php?rest_route=\/wp\/v2\/posts\/18290"}],"collection":[{"href":"https:\/\/www.ecuadoraldia.com.ec\/index.php?rest_route=\/wp\/v2\/posts"}],"about":[{"href":"https:\/\/www.ecuadoraldia.com.ec\/index.php?rest_route=\/wp\/v2\/types\/post"}],"author":[{"embeddable":true,"href":"https:\/\/www.ecuadoraldia.com.ec\/index.php?rest_route=\/wp\/v2\/users\/1"}],"replies":[{"embeddable":true,"href":"https:\/\/www.ecuadoraldia.com.ec\/index.php?rest_route=%2Fwp%2Fv2%2Fcomments&post=18290"}],"version-history":[{"count":4,"href":"https:\/\/www.ecuadoraldia.com.ec\/index.php?rest_route=\/wp\/v2\/posts\/18290\/revisions"}],"predecessor-version":[{"id":18299,"href":"https:\/\/www.ecuadoraldia.com.ec\/index.php?rest_route=\/wp\/v2\/posts\/18290\/revisions\/18299"}],"wp:attachment":[{"href":"https:\/\/www.ecuadoraldia.com.ec\/index.php?rest_route=%2Fwp%2Fv2%2Fmedia&parent=18290"}],"wp:term":[{"taxonomy":"category","embeddable":true,"href":"https:\/\/www.ecuadoraldia.com.ec\/index.php?rest_route=%2Fwp%2Fv2%2Fcategories&post=18290"},{"taxonomy":"post_tag","embeddable":true,"href":"https:\/\/www.ecuadoraldia.com.ec\/index.php?rest_route=%2Fwp%2Fv2%2Ftags&post=18290"}],"curies":[{"name":"wp","href":"https:\/\/api.w.org\/{rel}","templated":true}]}}