{"id":18300,"date":"2021-04-26T15:10:13","date_gmt":"2021-04-26T20:10:13","guid":{"rendered":"http:\/\/www.ecuadoraldia.com.ec\/?p=18300"},"modified":"2021-04-26T15:10:13","modified_gmt":"2021-04-26T20:10:13","slug":"moreno-apuesta-al-fortalecimiento-de-la-democracia","status":"publish","type":"post","link":"https:\/\/www.ecuadoraldia.com.ec\/?p=18300","title":{"rendered":"Moreno apuesta al fortalecimiento de la democracia"},"content":{"rendered":"<p><a href=\"http:\/\/www.ecuadoraldia.com.ec\/wp-content\/uploads\/2021\/04\/democracia.jpg\"><img loading=\"lazy\" decoding=\"async\" class=\"alignleft size-medium wp-image-18301\" src=\"http:\/\/www.ecuadoraldia.com.ec\/wp-content\/uploads\/2021\/04\/democracia-300x168.jpg\" alt=\"\" width=\"300\" height=\"168\" srcset=\"https:\/\/www.ecuadoraldia.com.ec\/wp-content\/uploads\/2021\/04\/democracia-300x168.jpg 300w, https:\/\/www.ecuadoraldia.com.ec\/wp-content\/uploads\/2021\/04\/democracia.jpg 328w\" sizes=\"(max-width: 300px) 100vw, 300px\" \/><\/a><\/p>\n<p>Quito, 25-04-2021. \u00a0\u2013 El presidente de la Rep\u00fablica, Len\u00edn Moreno, asegur\u00f3 que la reinstauraci\u00f3n democr\u00e1tica y la vigencia de valores como la tolerancia, la libertad de expresi\u00f3n, la justicia social y el respeto de los derechos humanos son los principales legados de su administraci\u00f3n. En un di\u00e1logo con el peri\u00f3dico La Naci\u00f3n de Argentina, reiter\u00f3 que la regi\u00f3n enfrenta el desaf\u00edo de frenar la proliferaci\u00f3n de sistemas autoritarios, dictatoriales y populistas con m\u00e1s y mejor democracia como lo hizo Ecuador, haciendo lo correcto sobre lo popular.<\/p>\n<p>En un recorrido por sus cuatro a\u00f1os de gesti\u00f3n, Moreno destac\u00f3 las reformas instrumentadas con el apoyo de los ciudadanos en las urnas, como la reelecci\u00f3n por una sola vez de las autoridades de elecci\u00f3n popular o la inhabilidad de participar en la vida pol\u00edtica de las personas condenadas por corrupci\u00f3n. Ambas enmiendas a la Constituci\u00f3n, junto con otras reformas para facilitar la gobernanza del pa\u00eds, facilitar una transici\u00f3n democr\u00e1tica pac\u00edfica y frenar la instauraci\u00f3n del autoritarismo.<\/p>\n<p>\u201cCon las dictaduras no se dialoga, a las dictaduras se las derrota. Al autoritarismo se lo derroca\u201d, asegur\u00f3 Moreno, en la entrevista publicada este domingo y en la aborda la evoluci\u00f3n pol\u00edtica del pa\u00eds y de la regi\u00f3n.\u00a0 \u201cSoy el Presidente de la transici\u00f3n hacia la consolidaci\u00f3n de valores democr\u00e1ticos, la libertad de expresi\u00f3n, el respeto a los Derechos Humanos, a una democracia plena y a la reinstitucionalizaci\u00f3n del Estado\u201d.<\/p>\n<p>\u201cEl populismo nunca termina. El populismo siempre tiene la posibilidad de reactivarse. Por una parte, depende de la conciencia de la ciudadan\u00eda y, por la otra, depende del accionar del gobierno. Nosotros por lo menos hemos hecho la tarea que nos ha correspondido hist\u00f3ricamente\u201d, indic\u00f3. \u201cLa lealtad es con el gobierno, con el Estado, con los ciudadanos, no con las personas\u201d<\/p>\n<p>En lo referente a la lucha contra la corrupci\u00f3n asegur\u00f3 que ha sido una de las banderas que ha impulsado el Gobierno Nacional. Esto ha ido de la mano de establecer mecanismos para recuperar la independencia de funciones; garantizando la denuncia y la intervenci\u00f3n oportuna y aut\u00f3noma del sistema judicial y el hecho que las discrepancias se resuelvan dentro de los marcos democr\u00e1ticos.<\/p>\n<p>El mandatario explic\u00f3 que su intenci\u00f3n nunca ha sido la de permanecer en el poder de forma indefinida, lo que le permiti\u00f3 priorizar las decisiones que eran correctas para el futuro del pa\u00eds por encima de las que eran populares. Una de ellas, record\u00f3, fue la de trabajar por poner las cuentas en orden y una de las medidas en este sentido fue el retiro al subsidio a los combustibles; lo que desemboc\u00f3 en el intento de golpe de Estado en octubre de 2019, bajo el liderazgo de fuerzas desestabilizadoras y violentas.<\/p>\n<p>Trabajar en un ordenamiento de las finanzas y las cuentas fiscales, le permiti\u00f3 al Ecuador acceder a distintas fuentes de financiamiento de organismos multilaterales. (Fuente SECOM)<\/p>\n","protected":false},"excerpt":{"rendered":"<p>Quito, 25-04-2021. \u00a0\u2013 El presidente de la Rep\u00fablica, Len\u00edn Moreno, asegur\u00f3 que la reinstauraci\u00f3n democr\u00e1tica y la vigencia de valores<\/p>\n","protected":false},"author":1,"featured_media":0,"comment_status":"closed","ping_status":"closed","sticky":false,"template":"","format":"standard","meta":{"footnotes":""},"categories":[11],"tags":[],"_links":{"self":[{"href":"https:\/\/www.ecuadoraldia.com.ec\/index.php?rest_route=\/wp\/v2\/posts\/18300"}],"collection":[{"href":"https:\/\/www.ecuadoraldia.com.ec\/index.php?rest_route=\/wp\/v2\/posts"}],"about":[{"href":"https:\/\/www.ecuadoraldia.com.ec\/index.php?rest_route=\/wp\/v2\/types\/post"}],"author":[{"embeddable":true,"href":"https:\/\/www.ecuadoraldia.com.ec\/index.php?rest_route=\/wp\/v2\/users\/1"}],"replies":[{"embeddable":true,"href":"https:\/\/www.ecuadoraldia.com.ec\/index.php?rest_route=%2Fwp%2Fv2%2Fcomments&post=18300"}],"version-history":[{"count":1,"href":"https:\/\/www.ecuadoraldia.com.ec\/index.php?rest_route=\/wp\/v2\/posts\/18300\/revisions"}],"predecessor-version":[{"id":18302,"href":"https:\/\/www.ecuadoraldia.com.ec\/index.php?rest_route=\/wp\/v2\/posts\/18300\/revisions\/18302"}],"wp:attachment":[{"href":"https:\/\/www.ecuadoraldia.com.ec\/index.php?rest_route=%2Fwp%2Fv2%2Fmedia&parent=18300"}],"wp:term":[{"taxonomy":"category","embeddable":true,"href":"https:\/\/www.ecuadoraldia.com.ec\/index.php?rest_route=%2Fwp%2Fv2%2Fcategories&post=18300"},{"taxonomy":"post_tag","embeddable":true,"href":"https:\/\/www.ecuadoraldia.com.ec\/index.php?rest_route=%2Fwp%2Fv2%2Ftags&post=18300"}],"curies":[{"name":"wp","href":"https:\/\/api.w.org\/{rel}","templated":true}]}}