{"id":18303,"date":"2021-05-03T13:13:32","date_gmt":"2021-05-03T18:13:32","guid":{"rendered":"http:\/\/www.ecuadoraldia.com.ec\/?p=18303"},"modified":"2021-05-03T13:13:45","modified_gmt":"2021-05-03T18:13:45","slug":"en-guayaquil-se-detecta-la-variante-andina-del-covid19","status":"publish","type":"post","link":"https:\/\/www.ecuadoraldia.com.ec\/?p=18303","title":{"rendered":"En Guayaquil se detecta la variante Andina del Covid19"},"content":{"rendered":"<p><a href=\"http:\/\/www.ecuadoraldia.com.ec\/wp-content\/uploads\/2021\/05\/variante.jpeg\"><img loading=\"lazy\" decoding=\"async\" class=\"alignleft size-medium wp-image-18304\" src=\"http:\/\/www.ecuadoraldia.com.ec\/wp-content\/uploads\/2021\/05\/variante-300x246.jpeg\" alt=\"\" width=\"300\" height=\"246\" srcset=\"https:\/\/www.ecuadoraldia.com.ec\/wp-content\/uploads\/2021\/05\/variante-300x246.jpeg 300w, https:\/\/www.ecuadoraldia.com.ec\/wp-content\/uploads\/2021\/05\/variante.jpeg 327w\" sizes=\"(max-width: 300px) 100vw, 300px\" \/><\/a><\/p>\n<p>La variante Andina, detectada en Guayaquil es m\u00e1s agresiva. Un neonato se encuentra en estado grave debido a esto.<\/p>\n<p>La mayor\u00eda de los registros corresponden a transmisiones comunitarias, \u201cevidenciando un incremento y expansi\u00f3n dram\u00e1tica en los \u00faltimos meses\u201d.<\/p>\n<p>1. Primer registro de la variante P1 (variante de Brasil) en la ciudad de Guayaquil<br \/>\n2. Siete registros de la variante Inglesa B.1.1.7 en Guayaquil<br \/>\n3. Dos registros de la variante andina C.37 en dos pacientes de la ciudad de Guayaquil<br \/>\n4. Dos casos de re-infecci\u00f3n de la variante de New York en pacientes de la ciudad de Guayaquil<br \/>\n5. Primer registro de la variante New York en la ciudad de Cuenca<br \/>\n6. Infecci\u00f3n con variante B.1.526 en un neonato con sintomatolog\u00eda grave<br \/>\n7. Un registro de variante derivada de la de New York B.1.526.1<br \/>\n8. El 68% de las muestras analizadas de Guayaquil pertenecen al linaje B.1.526 (Variante New York)<\/p>\n<p>La UESS indica que estos resultados confirman la importancia de incrementar el n\u00famero de genomas secuenciados dentro de la vigilancia gen\u00f3mica, pues brindan informaci\u00f3n oportuna del comportamiento epidemiol\u00f3gico molecular del virus en el pa\u00eds.<\/p>\n<p>\u201cCompartimos la informaci\u00f3n con las autoridades locales con el fin de que se tomen las medidas adecuadas para frenar la expansi\u00f3n de estas variantes y se acelere el proceso de vacunaci\u00f3n pues como ya lo hemos advertido en previos reportes y como lo ha manifestado la comunidad cient\u00edfica, estas variantes tienen mayor porcentaje de transmisi\u00f3n, mayor probabilidad de reinfecci\u00f3n y mayor tasa de mortalidad\u201d, concluye la UESS. (Lahora)<\/p>\n","protected":false},"excerpt":{"rendered":"<p>La variante Andina, detectada en Guayaquil es m\u00e1s agresiva. Un neonato se encuentra en estado grave debido a esto. La<\/p>\n","protected":false},"author":1,"featured_media":0,"comment_status":"closed","ping_status":"closed","sticky":false,"template":"","format":"standard","meta":{"footnotes":""},"categories":[1],"tags":[],"_links":{"self":[{"href":"https:\/\/www.ecuadoraldia.com.ec\/index.php?rest_route=\/wp\/v2\/posts\/18303"}],"collection":[{"href":"https:\/\/www.ecuadoraldia.com.ec\/index.php?rest_route=\/wp\/v2\/posts"}],"about":[{"href":"https:\/\/www.ecuadoraldia.com.ec\/index.php?rest_route=\/wp\/v2\/types\/post"}],"author":[{"embeddable":true,"href":"https:\/\/www.ecuadoraldia.com.ec\/index.php?rest_route=\/wp\/v2\/users\/1"}],"replies":[{"embeddable":true,"href":"https:\/\/www.ecuadoraldia.com.ec\/index.php?rest_route=%2Fwp%2Fv2%2Fcomments&post=18303"}],"version-history":[{"count":2,"href":"https:\/\/www.ecuadoraldia.com.ec\/index.php?rest_route=\/wp\/v2\/posts\/18303\/revisions"}],"predecessor-version":[{"id":18306,"href":"https:\/\/www.ecuadoraldia.com.ec\/index.php?rest_route=\/wp\/v2\/posts\/18303\/revisions\/18306"}],"wp:attachment":[{"href":"https:\/\/www.ecuadoraldia.com.ec\/index.php?rest_route=%2Fwp%2Fv2%2Fmedia&parent=18303"}],"wp:term":[{"taxonomy":"category","embeddable":true,"href":"https:\/\/www.ecuadoraldia.com.ec\/index.php?rest_route=%2Fwp%2Fv2%2Fcategories&post=18303"},{"taxonomy":"post_tag","embeddable":true,"href":"https:\/\/www.ecuadoraldia.com.ec\/index.php?rest_route=%2Fwp%2Fv2%2Ftags&post=18303"}],"curies":[{"name":"wp","href":"https:\/\/api.w.org\/{rel}","templated":true}]}}