{"id":18307,"date":"2021-05-14T07:34:49","date_gmt":"2021-05-14T12:34:49","guid":{"rendered":"http:\/\/www.ecuadoraldia.com.ec\/?p=18307"},"modified":"2021-05-14T07:34:49","modified_gmt":"2021-05-14T12:34:49","slug":"hoy-se-define-quien-controlara-la-asamblea-nacional","status":"publish","type":"post","link":"https:\/\/www.ecuadoraldia.com.ec\/?p=18307","title":{"rendered":"Hoy se define quien controlar\u00e1 la Asamblea Nacional"},"content":{"rendered":"<p><a href=\"http:\/\/www.ecuadoraldia.com.ec\/wp-content\/uploads\/2021\/05\/pleno.jpg\"><img loading=\"lazy\" decoding=\"async\" class=\"alignleft size-medium wp-image-18308\" src=\"http:\/\/www.ecuadoraldia.com.ec\/wp-content\/uploads\/2021\/05\/pleno-300x132.jpg\" alt=\"\" width=\"300\" height=\"132\" srcset=\"https:\/\/www.ecuadoraldia.com.ec\/wp-content\/uploads\/2021\/05\/pleno-300x132.jpg 300w, https:\/\/www.ecuadoraldia.com.ec\/wp-content\/uploads\/2021\/05\/pleno.jpg 412w\" sizes=\"(max-width: 300px) 100vw, 300px\" \/><\/a><\/p>\n<p>Las amenazas de deserciones en las bancadas antecedi\u00f3 la sesi\u00f3n de instalaci\u00f3n de la nueva Asamblea, para el per\u00edodo 2021-2025. El oficialismo y partidos de minor\u00edas se situaron en medio de dos bandos.<\/p>\n<p>Esta sesi\u00f3n es clave para elecci\u00f3n del presidente, dos vicepresidentes y cuatro vocales del Consejo de Administraci\u00f3n de la Legislatura (CAL), que controlar\u00e1n esta Funci\u00f3n por dos a\u00f1os. Para esto se necesita de al menos 70 votos de sus 137 integrantes.<\/p>\n<p>Las principales fuerzas pol\u00edticas son el corre\u00edsmo, con la bandera de Unes, con 49 asamble\u00edstas; Pachakutik en alianza con la Izquierda Democr\u00e1tica (ID), con 44; y el Partido Social Cristiano (PSC) con 17.<\/p>\n<p>Al ahora oficialista movimiento Creo, los 12 esca\u00f1os que obtuvo en los comicios del 7 de febrero no le alcanzaron para arrancar como un bloque legislativo (pues se necesitan 14 al menos) y tampoco a los 13 de partidos de minor\u00edas, a los que se sum\u00f3 uno que renunci\u00f3 a Pachakutik tres d\u00edas antes de la primera sesi\u00f3n.<\/p>\n<p>Los di\u00e1logos entre las bancadas continuaron hasta anoche, con dos bandos claros en pugna: uno, el de Pachakutik y el de la ID y otro, el del PSC y Unes, con candidatos propios para presidir la Asamblea.<\/p>\n<p>Ambos confiaban en que terminar\u00e1n contando con el respaldo de los asamble\u00edstas de minor\u00edas y Creo, que mantuvo una posici\u00f3n discreta en los cabildeos y que desde un principio se resign\u00f3 a no presidir la Asamblea. Estos \u00faltimos se situaron en la mitad. Al cierre de esta edici\u00f3n no hubo un pronunciamiento ni del presidente electo, Guillermo Lasso, ni del coordinador del grupo, C\u00e9sar Monge, quien estuvo fuera del pa\u00eds antes de esta cita.<\/p>\n<p>Ayer (13 de mayo del 2021) el socialcristiano Henry Kronfle confirm\u00f3 una alianza entre Unes, el PSC y lo denomin\u00f3 un \u201cacuerdo por la gobernabilidad\u201d. La amenaza de C\u00e9sar Roh\u00f3n de abandonar la bancada pareci\u00f3 no hacer mella. Roh\u00f3n rechaz\u00f3 que los t\u00e9rminos del acuerdo incluyan una Comisi\u00f3n de la Verdad para procesos judiciales del corre\u00edsmo, lo que fue rechazado con un tuit de Rafael Correa.<\/p>\n<p>El tambi\u00e9n asamble\u00edsta Gruber Zambrano, del PSC, confirm\u00f3 que la Presidencia del organismo recaer\u00eda en la lista 6, con Kronfle; la primera vicepresidencia en Unes con Paola Cabezas; y la segunda vicepresidencia en los independientes, con Virgilio Saquicela.<\/p>\n<p>Pachakutik y la ID mantuvieron una sesi\u00f3n y ratificaron que se mantienen juntos y que votar\u00e1n en contra de la Presidencia para el PSC. Salvador Quishpe dijo estar dispuesto a declinar su candidatura para viabilizar un acuerdo. Anoche estaban previstas reuniones con Creo e independientes.<\/p>\n<p>Ayer corrieron rumores de que siete nuevos legisladores de la ID dejar\u00eda la alianza con Pachakutik. La asamble\u00edsta Wilma Andrade dijo que esa uni\u00f3n se manten\u00eda firme.<\/p>\n<p>Es la primera vez desde 2009 que el Parlamento Nacional arranca sin un oficialismo aplastante que no requer\u00eda de mayores cabildeos para designar a sus autoridades.<\/p>\n<p>El exdiputado Ramiro Rivera dice que no se trata de una situaci\u00f3n at\u00edpica, pues \u201cen todos los gobiernos desde 1979 hasta ahora, solo dos tuvieron mayor\u00eda parlamentaria\u201d. (El Comercio).<\/p>\n","protected":false},"excerpt":{"rendered":"<p>Las amenazas de deserciones en las bancadas antecedi\u00f3 la sesi\u00f3n de instalaci\u00f3n de la nueva Asamblea, para el per\u00edodo 2021-2025.<\/p>\n","protected":false},"author":1,"featured_media":0,"comment_status":"closed","ping_status":"closed","sticky":false,"template":"","format":"standard","meta":{"footnotes":""},"categories":[3],"tags":[],"_links":{"self":[{"href":"https:\/\/www.ecuadoraldia.com.ec\/index.php?rest_route=\/wp\/v2\/posts\/18307"}],"collection":[{"href":"https:\/\/www.ecuadoraldia.com.ec\/index.php?rest_route=\/wp\/v2\/posts"}],"about":[{"href":"https:\/\/www.ecuadoraldia.com.ec\/index.php?rest_route=\/wp\/v2\/types\/post"}],"author":[{"embeddable":true,"href":"https:\/\/www.ecuadoraldia.com.ec\/index.php?rest_route=\/wp\/v2\/users\/1"}],"replies":[{"embeddable":true,"href":"https:\/\/www.ecuadoraldia.com.ec\/index.php?rest_route=%2Fwp%2Fv2%2Fcomments&post=18307"}],"version-history":[{"count":1,"href":"https:\/\/www.ecuadoraldia.com.ec\/index.php?rest_route=\/wp\/v2\/posts\/18307\/revisions"}],"predecessor-version":[{"id":18309,"href":"https:\/\/www.ecuadoraldia.com.ec\/index.php?rest_route=\/wp\/v2\/posts\/18307\/revisions\/18309"}],"wp:attachment":[{"href":"https:\/\/www.ecuadoraldia.com.ec\/index.php?rest_route=%2Fwp%2Fv2%2Fmedia&parent=18307"}],"wp:term":[{"taxonomy":"category","embeddable":true,"href":"https:\/\/www.ecuadoraldia.com.ec\/index.php?rest_route=%2Fwp%2Fv2%2Fcategories&post=18307"},{"taxonomy":"post_tag","embeddable":true,"href":"https:\/\/www.ecuadoraldia.com.ec\/index.php?rest_route=%2Fwp%2Fv2%2Ftags&post=18307"}],"curies":[{"name":"wp","href":"https:\/\/api.w.org\/{rel}","templated":true}]}}