{"id":18316,"date":"2021-07-01T19:10:33","date_gmt":"2021-07-02T00:10:33","guid":{"rendered":"http:\/\/www.ecuadoraldia.com.ec\/?p=18316"},"modified":"2021-07-01T19:10:33","modified_gmt":"2021-07-02T00:10:33","slug":"santiago-guarderas-asumira-la-alcaldia-de-quito","status":"publish","type":"post","link":"https:\/\/www.ecuadoraldia.com.ec\/?p=18316","title":{"rendered":"Santiago Guarderas asumir\u00e1 la alcald\u00eda de Quito."},"content":{"rendered":"<p><a href=\"http:\/\/www.ecuadoraldia.com.ec\/wp-content\/uploads\/2021\/07\/guarderas.jpg\"><img loading=\"lazy\" decoding=\"async\" class=\"alignnone size-medium wp-image-18317\" src=\"http:\/\/www.ecuadoraldia.com.ec\/wp-content\/uploads\/2021\/07\/guarderas-300x158.jpg\" alt=\"\" width=\"300\" height=\"158\" srcset=\"https:\/\/www.ecuadoraldia.com.ec\/wp-content\/uploads\/2021\/07\/guarderas-300x158.jpg 300w, https:\/\/www.ecuadoraldia.com.ec\/wp-content\/uploads\/2021\/07\/guarderas-390x205.jpg 390w, https:\/\/www.ecuadoraldia.com.ec\/wp-content\/uploads\/2021\/07\/guarderas.jpg 600w\" sizes=\"(max-width: 300px) 100vw, 300px\" \/><\/a><\/p>\n<p>Quito jueves 1 de julio de 2021. Santiago Guarderas, actual vicealcalde de Quito, espera la notificaci\u00f3n del Tribunal Contencioso Electoral (TCE) para asumir la titularidad de la Alcald\u00eda del Distrito Metropolitano de Quito.<\/p>\n<p>Guarderas dijo que la ciudad debe cerrar \u201cesta p\u00e1gina negra\u201d en relaci\u00f3n a la administraci\u00f3n Yunda. Hizo un llamado a los concejales y a los empleados municipales para que se \u201cunan\u201d y trabajen en funci\u00f3n de las necesidades de \u201clos capitalinos\u201d.<\/p>\n<p>Guarderas mencion\u00f3 que una de sus prioridades ser\u00e1 terminar la construcci\u00f3n del Metro de Quito. Para ello, habr\u00eda adelantado conversaciones con los concejales para establecer una agenda m\u00ednima compuesta por tres ejes \u201ca efecto que podamos cumplir con la ciudad\u201d.<\/p>\n<p>Mientras tanto, Yunda no ha vuelto a pronunciarse luego de su primera reacci\u00f3n tras conocerse el fallo del TCE en la ma\u00f1ana.<\/p>\n<p>Asegur\u00f3, entonces, a trav\u00e9s de Twitter: que el Dictamen no le impide el ejercicio del cargo. El TCE ratific\u00f3 la violaci\u00f3n de mis derechos y suspendi\u00f3 los efectos de un proceso viciado de remoci\u00f3n. Por lo tanto, seguir\u00e9 en funciones hasta que la Corte Provincial se pronuncie\u201d.<br \/>\nEl lunes 28 de junio, la jueza Mar\u00eda Bel\u00e9n Dominguez, acogi\u00f3 parcialmente un pedido de acci\u00f3n de protecci\u00f3n del hasta entonces alcalde Jorge Yunda Machado, acci\u00f3n que oblig\u00f3 al Conseko de la Judicatura a abrir una investigaci\u00f3n contra la magistrada.<\/p>\n","protected":false},"excerpt":{"rendered":"<p>Quito jueves 1 de julio de 2021. Santiago Guarderas, actual vicealcalde de Quito, espera la notificaci\u00f3n del Tribunal Contencioso Electoral<\/p>\n","protected":false},"author":1,"featured_media":0,"comment_status":"closed","ping_status":"closed","sticky":false,"template":"","format":"standard","meta":{"footnotes":""},"categories":[14],"tags":[100],"_links":{"self":[{"href":"https:\/\/www.ecuadoraldia.com.ec\/index.php?rest_route=\/wp\/v2\/posts\/18316"}],"collection":[{"href":"https:\/\/www.ecuadoraldia.com.ec\/index.php?rest_route=\/wp\/v2\/posts"}],"about":[{"href":"https:\/\/www.ecuadoraldia.com.ec\/index.php?rest_route=\/wp\/v2\/types\/post"}],"author":[{"embeddable":true,"href":"https:\/\/www.ecuadoraldia.com.ec\/index.php?rest_route=\/wp\/v2\/users\/1"}],"replies":[{"embeddable":true,"href":"https:\/\/www.ecuadoraldia.com.ec\/index.php?rest_route=%2Fwp%2Fv2%2Fcomments&post=18316"}],"version-history":[{"count":1,"href":"https:\/\/www.ecuadoraldia.com.ec\/index.php?rest_route=\/wp\/v2\/posts\/18316\/revisions"}],"predecessor-version":[{"id":18318,"href":"https:\/\/www.ecuadoraldia.com.ec\/index.php?rest_route=\/wp\/v2\/posts\/18316\/revisions\/18318"}],"wp:attachment":[{"href":"https:\/\/www.ecuadoraldia.com.ec\/index.php?rest_route=%2Fwp%2Fv2%2Fmedia&parent=18316"}],"wp:term":[{"taxonomy":"category","embeddable":true,"href":"https:\/\/www.ecuadoraldia.com.ec\/index.php?rest_route=%2Fwp%2Fv2%2Fcategories&post=18316"},{"taxonomy":"post_tag","embeddable":true,"href":"https:\/\/www.ecuadoraldia.com.ec\/index.php?rest_route=%2Fwp%2Fv2%2Ftags&post=18316"}],"curies":[{"name":"wp","href":"https:\/\/api.w.org\/{rel}","templated":true}]}}