{"id":18319,"date":"2021-07-01T19:58:43","date_gmt":"2021-07-02T00:58:43","guid":{"rendered":"http:\/\/www.ecuadoraldia.com.ec\/?p=18319"},"modified":"2021-07-01T19:58:43","modified_gmt":"2021-07-02T00:58:43","slug":"llegaron-un-millon-de-dosis-de-la-vacuna-pfizer-al-pais","status":"publish","type":"post","link":"https:\/\/www.ecuadoraldia.com.ec\/?p=18319","title":{"rendered":"Llegaron un mill\u00f3n de dosis de la vacuna Pfizer al Pa\u00eds."},"content":{"rendered":"<p><a href=\"http:\/\/www.ecuadoraldia.com.ec\/wp-content\/uploads\/2021\/07\/vacuna.jpg\"><img loading=\"lazy\" decoding=\"async\" class=\"alignnone size-medium wp-image-18320\" src=\"http:\/\/www.ecuadoraldia.com.ec\/wp-content\/uploads\/2021\/07\/vacuna-300x127.jpg\" alt=\"\" width=\"300\" height=\"127\" srcset=\"https:\/\/www.ecuadoraldia.com.ec\/wp-content\/uploads\/2021\/07\/vacuna-300x127.jpg 300w, https:\/\/www.ecuadoraldia.com.ec\/wp-content\/uploads\/2021\/07\/vacuna.jpg 425w\" sizes=\"(max-width: 300px) 100vw, 300px\" \/><\/a><\/p>\n<p>Quito, jueves 1 de julio de 2021. Tal como lo anunciaron las autoridades de salud, hoy llegaron a Quito un mill\u00f3n de dosis de la vacuna Pfizer donadas por de EE.UU.<\/p>\n<p>La ministra de salud Ximena Garz\u00f3n, junto al vice presidente de la Rep\u00fablica, Alfredo Borrero, tras recibir el cargamento, agradeci\u00f3 al gobierno norteamericano por la ayuda.<\/p>\n<p>Por su parte el Embajador de EE.UU acreditado en Ecuador Michael Fitzpatick, se\u00f1al\u00f3 que el siguiente lote llegar\u00e1 en tres semanas y destac\u00f3 que estas vacunas llegan sin ning\u00fan costo \u201cni compromiso pol\u00edtico\u201d.<\/p>\n<p>El embajador a\u00f1adi\u00f3 que espera que esta donaci\u00f3n permita reactivar la econom\u00eda del Ecuador, as\u00ed como lo est\u00e1 haciendo Estados Unidos.<\/p>\n<p>Seg\u00fan informaci\u00f3n del Ministerio de Salud 1\u2019359.225 personas han recibido la primera dosis de la vacuna, y 1\u2019434.107 con la segunda dosis.<\/p>\n","protected":false},"excerpt":{"rendered":"<p>Quito, jueves 1 de julio de 2021. Tal como lo anunciaron las autoridades de salud, hoy llegaron a Quito un<\/p>\n","protected":false},"author":1,"featured_media":0,"comment_status":"closed","ping_status":"closed","sticky":false,"template":"","format":"standard","meta":{"footnotes":""},"categories":[11],"tags":[],"_links":{"self":[{"href":"https:\/\/www.ecuadoraldia.com.ec\/index.php?rest_route=\/wp\/v2\/posts\/18319"}],"collection":[{"href":"https:\/\/www.ecuadoraldia.com.ec\/index.php?rest_route=\/wp\/v2\/posts"}],"about":[{"href":"https:\/\/www.ecuadoraldia.com.ec\/index.php?rest_route=\/wp\/v2\/types\/post"}],"author":[{"embeddable":true,"href":"https:\/\/www.ecuadoraldia.com.ec\/index.php?rest_route=\/wp\/v2\/users\/1"}],"replies":[{"embeddable":true,"href":"https:\/\/www.ecuadoraldia.com.ec\/index.php?rest_route=%2Fwp%2Fv2%2Fcomments&post=18319"}],"version-history":[{"count":1,"href":"https:\/\/www.ecuadoraldia.com.ec\/index.php?rest_route=\/wp\/v2\/posts\/18319\/revisions"}],"predecessor-version":[{"id":18321,"href":"https:\/\/www.ecuadoraldia.com.ec\/index.php?rest_route=\/wp\/v2\/posts\/18319\/revisions\/18321"}],"wp:attachment":[{"href":"https:\/\/www.ecuadoraldia.com.ec\/index.php?rest_route=%2Fwp%2Fv2%2Fmedia&parent=18319"}],"wp:term":[{"taxonomy":"category","embeddable":true,"href":"https:\/\/www.ecuadoraldia.com.ec\/index.php?rest_route=%2Fwp%2Fv2%2Fcategories&post=18319"},{"taxonomy":"post_tag","embeddable":true,"href":"https:\/\/www.ecuadoraldia.com.ec\/index.php?rest_route=%2Fwp%2Fv2%2Ftags&post=18319"}],"curies":[{"name":"wp","href":"https:\/\/api.w.org\/{rel}","templated":true}]}}