{"id":18322,"date":"2021-07-02T16:06:02","date_gmt":"2021-07-02T21:06:02","guid":{"rendered":"http:\/\/www.ecuadoraldia.com.ec\/?p=18322"},"modified":"2021-07-02T16:18:17","modified_gmt":"2021-07-02T21:18:17","slug":"mag-impulsa-el-consumo-de-carne-de-pollo","status":"publish","type":"post","link":"https:\/\/www.ecuadoraldia.com.ec\/?p=18322","title":{"rendered":"MAG impulsa el consumo de carne de pollo"},"content":{"rendered":"<p><a href=\"http:\/\/www.ecuadoraldia.com.ec\/wp-content\/uploads\/2021\/07\/WhatsApp-Image-2021-07-02-at-13.38.47.jpeg\"><img loading=\"lazy\" decoding=\"async\" class=\"alignleft size-medium wp-image-18323\" src=\"http:\/\/www.ecuadoraldia.com.ec\/wp-content\/uploads\/2021\/07\/WhatsApp-Image-2021-07-02-at-13.38.47-300x182.jpeg\" alt=\"\" width=\"300\" height=\"182\" srcset=\"https:\/\/www.ecuadoraldia.com.ec\/wp-content\/uploads\/2021\/07\/WhatsApp-Image-2021-07-02-at-13.38.47-300x182.jpeg 300w, https:\/\/www.ecuadoraldia.com.ec\/wp-content\/uploads\/2021\/07\/WhatsApp-Image-2021-07-02-at-13.38.47-768x466.jpeg 768w, https:\/\/www.ecuadoraldia.com.ec\/wp-content\/uploads\/2021\/07\/WhatsApp-Image-2021-07-02-at-13.38.47-1024x621.jpeg 1024w, https:\/\/www.ecuadoraldia.com.ec\/wp-content\/uploads\/2021\/07\/WhatsApp-Image-2021-07-02-at-13.38.47.jpeg 1185w\" sizes=\"(max-width: 300px) 100vw, 300px\" \/><\/a>Aumentar el consumo actual de 27 kilogramos de carne de pollo por persona al a\u00f1o, as\u00ed como incluirlo en la oferta exportable para llevar m\u00e1s de Ecuador al mundo son parte de los prop\u00f3sitos que tiene el Ministerio de Agricultura y Ganader\u00eda (MAG).<\/p>\n<p>Para lograrlo, la Ministra de Agricultura y Ganader\u00eda, Tanlly Vera, indic\u00f3 que se articulan acciones con cada uno de los actores del sector av\u00edcola, que el a\u00f1o anterior produjo m\u00e1s de 495.000 toneladas m\u00e9tricas de carne pollo, que abastecieron toda la demanda nacional.<\/p>\n<p>El anuncio lo hizo durante la celebraci\u00f3n del D\u00eda Nacional de Carne de Pollo, que se conmemora el primer viernes de julio, seg\u00fan lo estableci\u00f3 el MAG para promover el consumo de esta prote\u00edna animal, que puede ayudar a combatir la desnutrici\u00f3n infantil, ya que contiene vitaminas A, B, C, adem\u00e1s de minerales como zinc, magnesio, entre otros.<\/p>\n<p>Dada esta importancia, la Agencia de Regulaci\u00f3n y Control Fito y Zoosanitario (Agrocalidad) y la Corporaci\u00f3n Nacional de Avicultores del Ecuador (Conave) firmaron dos convenios interinstitucionales para el establecimiento de compartimentos libres de enfermedades oficiales, y ejecutar el Programa de Control y Erradicaci\u00f3n de la Enfermedad de Newcastle.<\/p>\n<p>Actualmente, la avicultura aporta el 3%\u00a0 al\u00a0 Producto Interno Bruto (PIB) nacional, mientras\u00a0 que el\u00a0 aporte\u00a0 al\u00a0 PIB Agropecuario es del\u00a0 23%.<\/p>\n<p>&nbsp;<\/p>\n","protected":false},"excerpt":{"rendered":"<p>Aumentar el consumo actual de 27 kilogramos de carne de pollo por persona al a\u00f1o, as\u00ed como incluirlo en la<\/p>\n","protected":false},"author":1,"featured_media":0,"comment_status":"closed","ping_status":"closed","sticky":false,"template":"","format":"standard","meta":{"footnotes":""},"categories":[1],"tags":[],"_links":{"self":[{"href":"https:\/\/www.ecuadoraldia.com.ec\/index.php?rest_route=\/wp\/v2\/posts\/18322"}],"collection":[{"href":"https:\/\/www.ecuadoraldia.com.ec\/index.php?rest_route=\/wp\/v2\/posts"}],"about":[{"href":"https:\/\/www.ecuadoraldia.com.ec\/index.php?rest_route=\/wp\/v2\/types\/post"}],"author":[{"embeddable":true,"href":"https:\/\/www.ecuadoraldia.com.ec\/index.php?rest_route=\/wp\/v2\/users\/1"}],"replies":[{"embeddable":true,"href":"https:\/\/www.ecuadoraldia.com.ec\/index.php?rest_route=%2Fwp%2Fv2%2Fcomments&post=18322"}],"version-history":[{"count":2,"href":"https:\/\/www.ecuadoraldia.com.ec\/index.php?rest_route=\/wp\/v2\/posts\/18322\/revisions"}],"predecessor-version":[{"id":18327,"href":"https:\/\/www.ecuadoraldia.com.ec\/index.php?rest_route=\/wp\/v2\/posts\/18322\/revisions\/18327"}],"wp:attachment":[{"href":"https:\/\/www.ecuadoraldia.com.ec\/index.php?rest_route=%2Fwp%2Fv2%2Fmedia&parent=18322"}],"wp:term":[{"taxonomy":"category","embeddable":true,"href":"https:\/\/www.ecuadoraldia.com.ec\/index.php?rest_route=%2Fwp%2Fv2%2Fcategories&post=18322"},{"taxonomy":"post_tag","embeddable":true,"href":"https:\/\/www.ecuadoraldia.com.ec\/index.php?rest_route=%2Fwp%2Fv2%2Ftags&post=18322"}],"curies":[{"name":"wp","href":"https:\/\/api.w.org\/{rel}","templated":true}]}}