{"id":18331,"date":"2021-07-05T10:38:29","date_gmt":"2021-07-05T15:38:29","guid":{"rendered":"http:\/\/www.ecuadoraldia.com.ec\/?p=18331"},"modified":"2021-07-05T11:12:46","modified_gmt":"2021-07-05T16:12:46","slug":"para-superar-el-desabastecimiento-de-licencias-la-ant-adquirio-350-mil-especies","status":"publish","type":"post","link":"https:\/\/www.ecuadoraldia.com.ec\/?p=18331","title":{"rendered":"Para superar el desabastecimiento de licencias, la ANT adquiri\u00f3 350 mil especies"},"content":{"rendered":"<p>Para solucionar la alta demanda de los usuarios y ofrecer un servicio \u00f3ptimo y oportuno, Adri\u00e1n Castro, a pocos d\u00edas de posesionado como director ejecutivo de la Agencia Nacional de Tr\u00e1nsito-ANT, mantuvo un acercamiento con el Instituto Geogr\u00e1fico Militar, con el prop\u00f3sito de firmar un contrato emergente para la adquisici\u00f3n de 350.000 tarjetas PVC (especies) de licencias de conducir, en vista de que la Instituci\u00f3n se encontraba desabastecida.<\/p>\n<p>Adri\u00e1n Castro se\u00f1al\u00f3 que la semana anterior ya inici\u00f3 la distribuci\u00f3n de 8.000 especies, mientras que desde este lunes 22.000 se reparten a escala nacional, con el fin de que todas las Agencias de Atenci\u00f3n al Usuario en el pa\u00eds cuenten con material suficiente para este proceso. Las 350.000 especies se adquirieron por un valor de 154.000 d\u00f3lares y ser\u00e1n entregadas de manera progresiva por parte del IGM.<\/p>\n<p><a href=\"http:\/\/www.ecuadoraldia.com.ec\/wp-content\/uploads\/2021\/07\/ANT1.jpg\"><img loading=\"lazy\" decoding=\"async\" class=\"alignleft size-medium wp-image-18332\" src=\"http:\/\/www.ecuadoraldia.com.ec\/wp-content\/uploads\/2021\/07\/ANT1-300x205.jpg\" alt=\"\" width=\"300\" height=\"205\" srcset=\"https:\/\/www.ecuadoraldia.com.ec\/wp-content\/uploads\/2021\/07\/ANT1-300x205.jpg 300w, https:\/\/www.ecuadoraldia.com.ec\/wp-content\/uploads\/2021\/07\/ANT1-130x90.jpg 130w, https:\/\/www.ecuadoraldia.com.ec\/wp-content\/uploads\/2021\/07\/ANT1.jpg 418w\" sizes=\"(max-width: 300px) 100vw, 300px\" \/><\/a>Seg\u00fan el cronograma, se tiene previsto que este viernes lleguen 30.000 especies m\u00e1s. Con esta adquisici\u00f3n, la ANT contar\u00e1 con el material necesario hasta fin de a\u00f1o. Paralelamente se trabaja en la planificaci\u00f3n anual para incluir este rubro y evitar nuevamente un desabastecimiento que perjudique la atenci\u00f3n al p\u00fablico.<\/p>\n","protected":false},"excerpt":{"rendered":"<p>Para solucionar la alta demanda de los usuarios y ofrecer un servicio \u00f3ptimo y oportuno, Adri\u00e1n Castro, a pocos d\u00edas<\/p>\n","protected":false},"author":1,"featured_media":18332,"comment_status":"closed","ping_status":"closed","sticky":false,"template":"","format":"standard","meta":{"footnotes":""},"categories":[1],"tags":[],"_links":{"self":[{"href":"https:\/\/www.ecuadoraldia.com.ec\/index.php?rest_route=\/wp\/v2\/posts\/18331"}],"collection":[{"href":"https:\/\/www.ecuadoraldia.com.ec\/index.php?rest_route=\/wp\/v2\/posts"}],"about":[{"href":"https:\/\/www.ecuadoraldia.com.ec\/index.php?rest_route=\/wp\/v2\/types\/post"}],"author":[{"embeddable":true,"href":"https:\/\/www.ecuadoraldia.com.ec\/index.php?rest_route=\/wp\/v2\/users\/1"}],"replies":[{"embeddable":true,"href":"https:\/\/www.ecuadoraldia.com.ec\/index.php?rest_route=%2Fwp%2Fv2%2Fcomments&post=18331"}],"version-history":[{"count":1,"href":"https:\/\/www.ecuadoraldia.com.ec\/index.php?rest_route=\/wp\/v2\/posts\/18331\/revisions"}],"predecessor-version":[{"id":18333,"href":"https:\/\/www.ecuadoraldia.com.ec\/index.php?rest_route=\/wp\/v2\/posts\/18331\/revisions\/18333"}],"wp:featuredmedia":[{"embeddable":true,"href":"https:\/\/www.ecuadoraldia.com.ec\/index.php?rest_route=\/wp\/v2\/media\/18332"}],"wp:attachment":[{"href":"https:\/\/www.ecuadoraldia.com.ec\/index.php?rest_route=%2Fwp%2Fv2%2Fmedia&parent=18331"}],"wp:term":[{"taxonomy":"category","embeddable":true,"href":"https:\/\/www.ecuadoraldia.com.ec\/index.php?rest_route=%2Fwp%2Fv2%2Fcategories&post=18331"},{"taxonomy":"post_tag","embeddable":true,"href":"https:\/\/www.ecuadoraldia.com.ec\/index.php?rest_route=%2Fwp%2Fv2%2Ftags&post=18331"}],"curies":[{"name":"wp","href":"https:\/\/api.w.org\/{rel}","templated":true}]}}