{"id":18341,"date":"2021-07-05T13:08:28","date_gmt":"2021-07-05T18:08:28","guid":{"rendered":"http:\/\/www.ecuadoraldia.com.ec\/?p=18341"},"modified":"2021-07-05T13:08:28","modified_gmt":"2021-07-05T18:08:28","slug":"mag-apoya-la-reactivacion-ganadera-de-santo-domingo","status":"publish","type":"post","link":"https:\/\/www.ecuadoraldia.com.ec\/?p=18341","title":{"rendered":"MAG apoya la reactivaci\u00f3n ganadera de Santo Domingo"},"content":{"rendered":"<p>Reactivar la producci\u00f3n ganadera de Santo Domingo de los Ts\u00e1chilas es el prop\u00f3sito de la edici\u00f3n 54 de la Feria Expogan 2021, que la Ministra de Agricultura y Ganader\u00eda, Tanlly Vera, inaugur\u00f3 en Santo Domingo.<\/p>\n<p>Esta feria es organizada por la Asociaci\u00f3n de Ganaderos de Santo Domingo (Asogan), quienes exhibieron ejemplares de las razas de ganado de leche (Gyr, Holstein Freisian, Girolando, Jersey y Brown Swiss), y de carne (Brahaman, Brangus, Nelore, Senepol y Blond d&#8217; Aquitania), para mostrar el potencial que tiene la provincia de Santo Domingo de los Ts\u00e1chilas, y que es reconocido a nivel nacional por su calidad.<\/p>\n<p>Indic\u00f3 que el objetivo del Gobierno es incrementar de 7.500 a 10.000 millones de d\u00f3lares las exportaciones agropecuarias, para lo cual se buscan nuevos mercados. Agreg\u00f3 que el mundo demanda productos con buenas pr\u00e1cticas agropecuarias, para lo cual se trabaja en una agricultura y ganader\u00eda sostenibles.<\/p>\n<p>Durante su agenda territorial, la Ministra tambi\u00e9n particip\u00f3 en la sesi\u00f3n solemne por los 54 a\u00f1os de cantonizaci\u00f3n de Santo Domingo.<a href=\"http:\/\/www.ecuadoraldia.com.ec\/wp-content\/uploads\/2021\/07\/WhatsApp-Image-2021-07-04-at-11.10.25.jpeg\"><img loading=\"lazy\" decoding=\"async\" class=\"aligncenter size-medium wp-image-18342\" src=\"http:\/\/www.ecuadoraldia.com.ec\/wp-content\/uploads\/2021\/07\/WhatsApp-Image-2021-07-04-at-11.10.25-300x169.jpeg\" alt=\"\" width=\"300\" height=\"169\" srcset=\"https:\/\/www.ecuadoraldia.com.ec\/wp-content\/uploads\/2021\/07\/WhatsApp-Image-2021-07-04-at-11.10.25-300x169.jpeg 300w, https:\/\/www.ecuadoraldia.com.ec\/wp-content\/uploads\/2021\/07\/WhatsApp-Image-2021-07-04-at-11.10.25-768x432.jpeg 768w, https:\/\/www.ecuadoraldia.com.ec\/wp-content\/uploads\/2021\/07\/WhatsApp-Image-2021-07-04-at-11.10.25.jpeg 1024w\" sizes=\"(max-width: 300px) 100vw, 300px\" \/><\/a><\/p>\n","protected":false},"excerpt":{"rendered":"<p>Reactivar la producci\u00f3n ganadera de Santo Domingo de los Ts\u00e1chilas es el prop\u00f3sito de la edici\u00f3n 54 de la Feria<\/p>\n","protected":false},"author":1,"featured_media":18342,"comment_status":"closed","ping_status":"closed","sticky":false,"template":"","format":"standard","meta":{"footnotes":""},"categories":[11],"tags":[],"_links":{"self":[{"href":"https:\/\/www.ecuadoraldia.com.ec\/index.php?rest_route=\/wp\/v2\/posts\/18341"}],"collection":[{"href":"https:\/\/www.ecuadoraldia.com.ec\/index.php?rest_route=\/wp\/v2\/posts"}],"about":[{"href":"https:\/\/www.ecuadoraldia.com.ec\/index.php?rest_route=\/wp\/v2\/types\/post"}],"author":[{"embeddable":true,"href":"https:\/\/www.ecuadoraldia.com.ec\/index.php?rest_route=\/wp\/v2\/users\/1"}],"replies":[{"embeddable":true,"href":"https:\/\/www.ecuadoraldia.com.ec\/index.php?rest_route=%2Fwp%2Fv2%2Fcomments&post=18341"}],"version-history":[{"count":1,"href":"https:\/\/www.ecuadoraldia.com.ec\/index.php?rest_route=\/wp\/v2\/posts\/18341\/revisions"}],"predecessor-version":[{"id":18343,"href":"https:\/\/www.ecuadoraldia.com.ec\/index.php?rest_route=\/wp\/v2\/posts\/18341\/revisions\/18343"}],"wp:featuredmedia":[{"embeddable":true,"href":"https:\/\/www.ecuadoraldia.com.ec\/index.php?rest_route=\/wp\/v2\/media\/18342"}],"wp:attachment":[{"href":"https:\/\/www.ecuadoraldia.com.ec\/index.php?rest_route=%2Fwp%2Fv2%2Fmedia&parent=18341"}],"wp:term":[{"taxonomy":"category","embeddable":true,"href":"https:\/\/www.ecuadoraldia.com.ec\/index.php?rest_route=%2Fwp%2Fv2%2Fcategories&post=18341"},{"taxonomy":"post_tag","embeddable":true,"href":"https:\/\/www.ecuadoraldia.com.ec\/index.php?rest_route=%2Fwp%2Fv2%2Ftags&post=18341"}],"curies":[{"name":"wp","href":"https:\/\/api.w.org\/{rel}","templated":true}]}}