{"id":18344,"date":"2021-07-05T18:31:36","date_gmt":"2021-07-05T23:31:36","guid":{"rendered":"http:\/\/www.ecuadoraldia.com.ec\/?p=18344"},"modified":"2021-07-13T22:10:28","modified_gmt":"2021-07-14T03:10:28","slug":"celi-presento-renuncia-al-consejo-de-participacion-ciudadana","status":"publish","type":"post","link":"https:\/\/www.ecuadoraldia.com.ec\/?p=18344","title":{"rendered":"Celi present\u00f3 renuncia ante el Consejo de Participaci\u00f3n Ciudadana"},"content":{"rendered":"<p>Desde la C\u00e1rcel 4, ubicada al norte de Quito esta tarde Pablo Celi de La Torre remiti\u00f3 a la presidenta del Consejo de Participaci\u00f3n Social (Cpccs), Sof\u00eda Almeida su carta de renuncia \u00abirrevocable\u00bb al cargo de Contralor General del Estado.<\/p>\n<p>La entidad tiene por ahora a Carlos Riofr\u00edo Gonz\u00e1lez, quien fue nombrado como subcontralor por Celi, igualmente desde la c\u00e1rcel\u00a0 y seg\u00fan la normativa asumir\u00e1 el cargo como subrogante.<\/p>\n<p>La Fiscal\u00eda General del Estado (FGE) mantiene un proceso contra Celi, por presunto delito de delincuencia organizada, misma que realizaba cobros de sobornos a cambio de desvanecer glosas.<\/p>\n<p><small><\/small>Pablo Celi permanece detenido en la C\u00e1rcel 4,\u00a0 desde el 13 de abril del presente a\u00f1o. (FA)<\/p>\n","protected":false},"excerpt":{"rendered":"<p>Desde la C\u00e1rcel 4, ubicada al norte de Quito esta tarde Pablo Celi de La Torre remiti\u00f3 a la presidenta<\/p>\n","protected":false},"author":1,"featured_media":18346,"comment_status":"closed","ping_status":"closed","sticky":false,"template":"","format":"standard","meta":{"footnotes":""},"categories":[1],"tags":[],"_links":{"self":[{"href":"https:\/\/www.ecuadoraldia.com.ec\/index.php?rest_route=\/wp\/v2\/posts\/18344"}],"collection":[{"href":"https:\/\/www.ecuadoraldia.com.ec\/index.php?rest_route=\/wp\/v2\/posts"}],"about":[{"href":"https:\/\/www.ecuadoraldia.com.ec\/index.php?rest_route=\/wp\/v2\/types\/post"}],"author":[{"embeddable":true,"href":"https:\/\/www.ecuadoraldia.com.ec\/index.php?rest_route=\/wp\/v2\/users\/1"}],"replies":[{"embeddable":true,"href":"https:\/\/www.ecuadoraldia.com.ec\/index.php?rest_route=%2Fwp%2Fv2%2Fcomments&post=18344"}],"version-history":[{"count":7,"href":"https:\/\/www.ecuadoraldia.com.ec\/index.php?rest_route=\/wp\/v2\/posts\/18344\/revisions"}],"predecessor-version":[{"id":18483,"href":"https:\/\/www.ecuadoraldia.com.ec\/index.php?rest_route=\/wp\/v2\/posts\/18344\/revisions\/18483"}],"wp:featuredmedia":[{"embeddable":true,"href":"https:\/\/www.ecuadoraldia.com.ec\/index.php?rest_route=\/wp\/v2\/media\/18346"}],"wp:attachment":[{"href":"https:\/\/www.ecuadoraldia.com.ec\/index.php?rest_route=%2Fwp%2Fv2%2Fmedia&parent=18344"}],"wp:term":[{"taxonomy":"category","embeddable":true,"href":"https:\/\/www.ecuadoraldia.com.ec\/index.php?rest_route=%2Fwp%2Fv2%2Fcategories&post=18344"},{"taxonomy":"post_tag","embeddable":true,"href":"https:\/\/www.ecuadoraldia.com.ec\/index.php?rest_route=%2Fwp%2Fv2%2Ftags&post=18344"}],"curies":[{"name":"wp","href":"https:\/\/api.w.org\/{rel}","templated":true}]}}