{"id":18353,"date":"2021-07-06T11:19:50","date_gmt":"2021-07-06T16:19:50","guid":{"rendered":"http:\/\/www.ecuadoraldia.com.ec\/?p=18353"},"modified":"2021-07-13T22:09:04","modified_gmt":"2021-07-14T03:09:04","slug":"defensoria-del-pueblo-presentara-demandas-por-violencia-politica-contra-la-mujer","status":"publish","type":"post","link":"https:\/\/www.ecuadoraldia.com.ec\/?p=18353","title":{"rendered":"Defensor\u00eda del Pueblo presentar\u00e1 demandas por violencia pol\u00edtica que afecta a las mujeres en la gesti\u00f3n p\u00fablica y activismo"},"content":{"rendered":"<p>Con el prop\u00f3sito de anunciar la presentaci\u00f3n de las primeras denuncias por violencia pol\u00edtica, ante la Asamblea Nacional y el Consejo Nacional Electoral (CNE), que sufren las mujeres que realizan gesti\u00f3n y activismo p\u00fablicos, esta ma\u00f1ana la Defensora del Pueblo (s), Zaida Rovira; Nathaly Escaleras, presidenta de la Junta Parroquial de Alangas\u00ed; Jessica Jaramillo, activista y Cumand\u00e1 Guevara, viceprefecta de Pastaza realizaron un pronunciamiento p\u00fablico, mismo que inici\u00f3 con la exposici\u00f3n de sus propios testimonios.<\/p>\n<p>La viceprefecta de Pastaza entreg\u00f3 a la Defensora (s) Zaida Rovira toda la documentaci\u00f3n de denuncias entregadas en la Delegaci\u00f3n Provincial ante todas las acciones de violencia registras en su contra.<\/p>\n<p>Denunci\u00f3 que existe una utilizaci\u00f3n de la mujer en el espacio pol\u00edtico y frente a esa situaci\u00f3n es necesario dejar un precedente para que se trabaje con \u00e9tica, con respeto a las mujeres y sean consideradas en la toma de decisiones.<\/p>\n<p>Mientras que, la activista y presidenta de la Fundaci\u00f3n Contra la Violencia, Jessica Jaramillo formul\u00f3 un llamado a la Asamblea Nacional y autoridades del CNE para que se establezcan reglamentos adecuados para el tratamiento y abordaje de la violencia pol\u00edtica.<\/p>\n<p>De su parte, la Defensora del Pueblo (s), Zaida Rovira anunci\u00f3 que en los siguientes 15 d\u00edas se presentar\u00edan los primeros procesos de denuncias por violencia contra las mujeres.<\/p>\n<p>Finalmente, pidi\u00f3 a la Asamblea Nacional reformas legales sobre esta realidad que afecta a las mujeres que ejercen cargos p\u00fablicos y el activismo social, que se ajusten a los instrumentos internacionales de los derechos y espacios de poder de la mujer. (FA)<\/p>\n","protected":false},"excerpt":{"rendered":"<p>Con el prop\u00f3sito de anunciar la presentaci\u00f3n de las primeras denuncias por violencia pol\u00edtica, ante la Asamblea Nacional y el<\/p>\n","protected":false},"author":1,"featured_media":18354,"comment_status":"closed","ping_status":"closed","sticky":false,"template":"","format":"standard","meta":{"footnotes":""},"categories":[1],"tags":[],"_links":{"self":[{"href":"https:\/\/www.ecuadoraldia.com.ec\/index.php?rest_route=\/wp\/v2\/posts\/18353"}],"collection":[{"href":"https:\/\/www.ecuadoraldia.com.ec\/index.php?rest_route=\/wp\/v2\/posts"}],"about":[{"href":"https:\/\/www.ecuadoraldia.com.ec\/index.php?rest_route=\/wp\/v2\/types\/post"}],"author":[{"embeddable":true,"href":"https:\/\/www.ecuadoraldia.com.ec\/index.php?rest_route=\/wp\/v2\/users\/1"}],"replies":[{"embeddable":true,"href":"https:\/\/www.ecuadoraldia.com.ec\/index.php?rest_route=%2Fwp%2Fv2%2Fcomments&post=18353"}],"version-history":[{"count":8,"href":"https:\/\/www.ecuadoraldia.com.ec\/index.php?rest_route=\/wp\/v2\/posts\/18353\/revisions"}],"predecessor-version":[{"id":18480,"href":"https:\/\/www.ecuadoraldia.com.ec\/index.php?rest_route=\/wp\/v2\/posts\/18353\/revisions\/18480"}],"wp:featuredmedia":[{"embeddable":true,"href":"https:\/\/www.ecuadoraldia.com.ec\/index.php?rest_route=\/wp\/v2\/media\/18354"}],"wp:attachment":[{"href":"https:\/\/www.ecuadoraldia.com.ec\/index.php?rest_route=%2Fwp%2Fv2%2Fmedia&parent=18353"}],"wp:term":[{"taxonomy":"category","embeddable":true,"href":"https:\/\/www.ecuadoraldia.com.ec\/index.php?rest_route=%2Fwp%2Fv2%2Fcategories&post=18353"},{"taxonomy":"post_tag","embeddable":true,"href":"https:\/\/www.ecuadoraldia.com.ec\/index.php?rest_route=%2Fwp%2Fv2%2Ftags&post=18353"}],"curies":[{"name":"wp","href":"https:\/\/api.w.org\/{rel}","templated":true}]}}