{"id":18362,"date":"2021-07-06T13:20:50","date_gmt":"2021-07-06T18:20:50","guid":{"rendered":"http:\/\/www.ecuadoraldia.com.ec\/?p=18362"},"modified":"2021-07-13T22:09:25","modified_gmt":"2021-07-14T03:09:25","slug":"guarderas-anuncia-que-el-martes-se-posesionara-como-alcalde-de-quito","status":"publish","type":"post","link":"https:\/\/www.ecuadoraldia.com.ec\/?p=18362","title":{"rendered":"Guarderas tomar\u00e1 posesi\u00f3n de la Alcald\u00eda de Quito el pr\u00f3ximo martes"},"content":{"rendered":"<p>Con un acto simb\u00f3lico, previsto a realizarse el pr\u00f3ximo martes, el actual vice alcalde, Santiago Guarderas\u00a0 se posesionar\u00e1 en la Alcald\u00eda de Quito.<\/p>\n<p>El anuncio lo hizo esta ma\u00f1ana, luego de que 11 concejales instalar\u00e1n hoy la Mesa de Trabajo, en la cual se analiz\u00f3 la remoci\u00f3n de Jorge Yunda Machado.<\/p>\n<p>Guarderas tambi\u00e9n adelant\u00f3 que este viernes el Consejo Metropolitano emitir\u00e1 la resoluci\u00f3n, mediante la cual ser\u00e1 ser\u00e1 designado alcalde de la ciudad capital.<\/p>\n<p>Mientras que, el concejal Fernando Morales dijo que esta es una primera mesa de Trabajo, de muchas que vendr\u00e1n porque es necesario elaborar una agenda por la ciudad.<\/p>\n<p>\u00abHay un intento desesperado por parte del doctor Yunda por generar conflicto, victimizarse y por enfrentar inclusive\u00a0 a la ciudadan\u00eda mismo, porque el\u00a0 convocar en un lugar abierto, con barras propias, como han sido el antecedente de las \u00faltimas reuniones del Consejo Metropolitano, da a notar claramente esa desesperaci\u00f3n y din\u00e1mica por aferrase al cargo\u00bb, afirm\u00f3 Morales.<\/p>\n<p>Tambi\u00e9n reiter\u00f3 que hay varios contratos en la Epmaps y Epmmop que tienen observaciones de la Contralor\u00eda General del Estado por posibles indicios de responsabilidad penal, suscritos en la administraci\u00f3n de Yunda. (FA)<\/p>\n","protected":false},"excerpt":{"rendered":"<p>Con un acto simb\u00f3lico, previsto a realizarse el pr\u00f3ximo martes, el actual vice alcalde, Santiago Guarderas\u00a0 se posesionar\u00e1 en la<\/p>\n","protected":false},"author":1,"featured_media":18363,"comment_status":"closed","ping_status":"closed","sticky":false,"template":"","format":"standard","meta":{"footnotes":""},"categories":[1],"tags":[],"_links":{"self":[{"href":"https:\/\/www.ecuadoraldia.com.ec\/index.php?rest_route=\/wp\/v2\/posts\/18362"}],"collection":[{"href":"https:\/\/www.ecuadoraldia.com.ec\/index.php?rest_route=\/wp\/v2\/posts"}],"about":[{"href":"https:\/\/www.ecuadoraldia.com.ec\/index.php?rest_route=\/wp\/v2\/types\/post"}],"author":[{"embeddable":true,"href":"https:\/\/www.ecuadoraldia.com.ec\/index.php?rest_route=\/wp\/v2\/users\/1"}],"replies":[{"embeddable":true,"href":"https:\/\/www.ecuadoraldia.com.ec\/index.php?rest_route=%2Fwp%2Fv2%2Fcomments&post=18362"}],"version-history":[{"count":9,"href":"https:\/\/www.ecuadoraldia.com.ec\/index.php?rest_route=\/wp\/v2\/posts\/18362\/revisions"}],"predecessor-version":[{"id":18481,"href":"https:\/\/www.ecuadoraldia.com.ec\/index.php?rest_route=\/wp\/v2\/posts\/18362\/revisions\/18481"}],"wp:featuredmedia":[{"embeddable":true,"href":"https:\/\/www.ecuadoraldia.com.ec\/index.php?rest_route=\/wp\/v2\/media\/18363"}],"wp:attachment":[{"href":"https:\/\/www.ecuadoraldia.com.ec\/index.php?rest_route=%2Fwp%2Fv2%2Fmedia&parent=18362"}],"wp:term":[{"taxonomy":"category","embeddable":true,"href":"https:\/\/www.ecuadoraldia.com.ec\/index.php?rest_route=%2Fwp%2Fv2%2Fcategories&post=18362"},{"taxonomy":"post_tag","embeddable":true,"href":"https:\/\/www.ecuadoraldia.com.ec\/index.php?rest_route=%2Fwp%2Fv2%2Ftags&post=18362"}],"curies":[{"name":"wp","href":"https:\/\/api.w.org\/{rel}","templated":true}]}}