{"id":18371,"date":"2021-07-06T19:08:29","date_gmt":"2021-07-07T00:08:29","guid":{"rendered":"http:\/\/www.ecuadoraldia.com.ec\/?p=18371"},"modified":"2021-07-06T19:23:28","modified_gmt":"2021-07-07T00:23:28","slug":"ciudadania-rechaza-actitud-racista-de-presentadores-del-programa-la-posta-xxx","status":"publish","type":"post","link":"https:\/\/www.ecuadoraldia.com.ec\/?p=18371","title":{"rendered":"Ciudadan\u00eda rechaza \u00abactitud racista\u00bb de presentadores del programa La Posta XXX"},"content":{"rendered":"<p><a href=\"http:\/\/www.ecuadoraldia.com.ec\/wp-content\/uploads\/2021\/07\/foto-cortada-1.jpg\"><img loading=\"lazy\" decoding=\"async\" class=\"wp-image-18373 alignleft\" src=\"http:\/\/www.ecuadoraldia.com.ec\/wp-content\/uploads\/2021\/07\/foto-cortada-1-300x130.jpg\" alt=\"\" width=\"355\" height=\"154\" \/><\/a>Con gritos de \u201cafuera La Posta\u201d, \u201cno al racismo\u201d, fuera Bosc\u00e1n y Vivanco, un peque\u00f1o grupo de ciudadanos se apostaron,\u00a0 la tarde de este martes 6 de julio de 2021, en los exteriores del canal de televisivo TC Televisi\u00f3n para rechazar la forma en que, los presentadores del Programa La Posta XXX, se refirieron al l\u00edder ind\u00edgena y presidente de la Confederaci\u00f3n Nacional de Ind\u00edgenas del Ecuador (CONAIE), Leonidas Iza y a quien calificaron, por medio de un acr\u00f3nimo, como \u201ccabr\u00f3n\u201d.<\/p>\n<p>Mario Ben\u00edtez, m\u00fasico quite\u00f1o y uno de los organizadores de la concentraci\u00f3n, inform\u00f3 que la convocatoria se realiz\u00f3 por redes sociales debido a la forma en que los presentadores del programa de TC Televisi\u00f3n se refirieron a Iza.<\/p>\n<p>\u201cPrimeramente el ser campesino no tiene nada de malo y decir a una persona, cualquiera que esta sea, cabr\u00f3n es una ofensa y peor si se la hace libremente por un canal nacional y que est\u00e1 en manos del Estado ecuatoriano que debe garantizar los derechos y la igualdad entre los ecuatorianos\u201d, sostuvo.\u00a0<a href=\"http:\/\/www.ecuadoraldia.com.ec\/wp-content\/uploads\/2021\/07\/foto-recortada-2-vale.jpg\"><img loading=\"lazy\" decoding=\"async\" class=\"wp-image-18374 alignright\" src=\"http:\/\/www.ecuadoraldia.com.ec\/wp-content\/uploads\/2021\/07\/foto-recortada-2-vale-300x248.jpg\" alt=\"\" width=\"297\" height=\"245\" \/><\/a><\/p>\n<p>Adem\u00e1s, el joven record\u00f3 que los presentadores deber\u00edan ser judicializados ya que el odio es un delito tipificado en el C\u00f3digo Integral Penal (COIP). \u00a0Tambi\u00e9n afirm\u00f3 que de ninguna manera este tipo de ofensas debe ser justificadas aduciendo libertad de expresi\u00f3n.<\/p>\n<p>\u201cMucha gente se indigna con estas cosas, pero solo en las redes sociales. Nosotros, los que estamos aqu\u00ed, quisimos hacer presencia para que los presentadores del programa y las autoridades del canal sepan que no estamos conformes la emisi\u00f3n de este tipo de informaci\u00f3n\u201d, manifest\u00f3.<\/p>\n<p>Por su parte, Katerine Chala, asistente a la concentraci\u00f3n, dijo que acudi\u00f3 a la convocatoria debido a que hace falta que la gente se manifieste en contra de actos de discriminaci\u00f3n y racismo, como los emitidos en el programa La Posta XXX, el domingo pasado.<\/p>\n<p>\u201cLa libertad de expresi\u00f3n no debe ir en contra de los derechos fundamentales de las personas, de nosotros como seres humanos, hay que guardar el respeto. La libertad de expresi\u00f3n no significa que tu puedas dar un discurso que invite abiertamente a fomentar el racismo entre los ecuatorianos\u201d, enfatiz\u00f3.<\/p>\n<p>Al referirse al anuncio realizado por los presentadores respecto a que el programa saldr\u00e1 del aire, la joven estudiante de Derecho en la provincia de Imbabura, manifest\u00f3 que pese que el programa salga del aire, los conductores deben ser enjuiciados por fomentar el odio y el racismo en el pa\u00eds.<\/p>\n","protected":false},"excerpt":{"rendered":"<p>Con gritos de \u201cafuera La Posta\u201d, \u201cno al racismo\u201d, fuera Bosc\u00e1n y Vivanco, un peque\u00f1o grupo de ciudadanos se apostaron,\u00a0<\/p>\n","protected":false},"author":1,"featured_media":0,"comment_status":"closed","ping_status":"closed","sticky":false,"template":"","format":"standard","meta":{"footnotes":""},"categories":[1],"tags":[],"_links":{"self":[{"href":"https:\/\/www.ecuadoraldia.com.ec\/index.php?rest_route=\/wp\/v2\/posts\/18371"}],"collection":[{"href":"https:\/\/www.ecuadoraldia.com.ec\/index.php?rest_route=\/wp\/v2\/posts"}],"about":[{"href":"https:\/\/www.ecuadoraldia.com.ec\/index.php?rest_route=\/wp\/v2\/types\/post"}],"author":[{"embeddable":true,"href":"https:\/\/www.ecuadoraldia.com.ec\/index.php?rest_route=\/wp\/v2\/users\/1"}],"replies":[{"embeddable":true,"href":"https:\/\/www.ecuadoraldia.com.ec\/index.php?rest_route=%2Fwp%2Fv2%2Fcomments&post=18371"}],"version-history":[{"count":5,"href":"https:\/\/www.ecuadoraldia.com.ec\/index.php?rest_route=\/wp\/v2\/posts\/18371\/revisions"}],"predecessor-version":[{"id":18379,"href":"https:\/\/www.ecuadoraldia.com.ec\/index.php?rest_route=\/wp\/v2\/posts\/18371\/revisions\/18379"}],"wp:attachment":[{"href":"https:\/\/www.ecuadoraldia.com.ec\/index.php?rest_route=%2Fwp%2Fv2%2Fmedia&parent=18371"}],"wp:term":[{"taxonomy":"category","embeddable":true,"href":"https:\/\/www.ecuadoraldia.com.ec\/index.php?rest_route=%2Fwp%2Fv2%2Fcategories&post=18371"},{"taxonomy":"post_tag","embeddable":true,"href":"https:\/\/www.ecuadoraldia.com.ec\/index.php?rest_route=%2Fwp%2Fv2%2Ftags&post=18371"}],"curies":[{"name":"wp","href":"https:\/\/api.w.org\/{rel}","templated":true}]}}