{"id":18381,"date":"2021-07-07T14:50:06","date_gmt":"2021-07-07T19:50:06","guid":{"rendered":"http:\/\/www.ecuadoraldia.com.ec\/?p=18381"},"modified":"2021-07-13T22:07:02","modified_gmt":"2021-07-14T03:07:02","slug":"gobierno-anuncia-renegociacion-de-contratos-venta-de-gasolineras-estatales-y-creacion-de-fondo-de-sostenibilidad-petrolera","status":"publish","type":"post","link":"https:\/\/www.ecuadoraldia.com.ec\/?p=18381","title":{"rendered":"Gobierno anuncia renegociaci\u00f3n de contratos, venta de gasolineras estatales y creaci\u00f3n de Fondo de Sostenibilidad Petrolera"},"content":{"rendered":"<p>Mediante Decreto Ejecutivo N.- 95 firmado este mi\u00e9rcoles, el presidente de la Rep\u00fablica, Guillermo Lasso expidi\u00f3 la Pol\u00edtica P\u00fablica de Hidrocarburos, a trav\u00e9s de un Plan de Acci\u00f3n Inmediato para el desarrollo del sector hidrocarbur\u00edfero para los pr\u00f3ximo 100 d\u00edas.<\/p>\n<p>Esta planificaci\u00f3n incluye la venta de las estaciones de servicio de la EP Petroecuador y creaci\u00f3n de un Fondo de Sostenibilidad Petroleras, entre otras acciones orientadas a la entrega de operaciones de los campos petroleros a la empresa privada.<\/p>\n<p>El objetivo del referido Plan \u201ces optimizar los ingresos estatales, para lo cual, por una parte debe incrementarse la producci\u00f3n de hidrocarburos, de una manera racional y ambientalmente sustentable; y, por otra, reducir ineficiencias y costos en las \u00e1reas de industrializaci\u00f3n, transporte y comercializaci\u00f3n de hidrocarburos todo ello, con el fin de destinar los frutos de dichas actividades\u00a0 a programas\u00a0 de desarrollo social\u00a0 para\u00a0 la poblaci\u00f3n\u00a0 m\u00e1s necesitada. en particular en\u00a0 las zonas\u00a0 de influencia\u00a0 de \u00a0la actividad\u00a0 hidrocarbur\u00edfera\u201d.<\/p>\n<p>Para ello el mandatario pide que se reformule \u201c el\u00a0 modelo\u00a0\u00a0 de\u00a0 Contrato\u00a0\u00a0 de\u00a0\u00a0 Participaci\u00f3n\u00a0\u00a0\u00a0 para\u00a0\u00a0 la\u00a0 Exploraci\u00f3n\u00a0\u00a0 y Explotaci\u00f3n\u00a0 de Hidrocarburos,\u00a0 con base a est\u00e1ndares\u00a0 internacionales\u00a0 competitivos con\u00a0\u00a0 contratos\u00a0\u00a0 petroleros\u00a0\u00a0\u00a0 utilizados\u00a0\u00a0 en\u00a0\u00a0 el\u00a0\u00a0 mundo.\u00a0\u00a0 que\u00a0\u00a0 permitan\u00a0\u00a0 reducir\u00a0\u00a0 la exposici\u00f3n\u00a0 del Estado\u00a0 a los riesgos\u00a0 financieros.\u00a0 geol\u00f3gicos\u00a0 y ambientales\u00a0 en las actividades\u00a0\u00a0 de\u00a0 exploraci\u00f3n\u00a0\u00a0 y\u00a0 explotaci\u00f3n\u00a0\u00a0 de\u00a0 hidrocarburos\u00a0\u00a0 y\u00a0 que\u00a0 incluyan\u00a0 al menos\u2026\u201d.<\/p>\n<p>Con ello solicita iniciar\u00a0\u00a0 un\u00a0\u00a0 proceso\u00a0\u00a0\u00a0 de\u00a0\u00a0 renegociaci\u00f3n\u00a0\u00a0\u00a0\u00a0 de\u00a0\u00a0 contratos\u00a0\u00a0\u00a0 para\u00a0\u00a0\u00a0 migrar\u00a0\u00a0\u00a0 libre\u00a0\u00a0 y voluntariamente\u00a0\u00a0 los actuales\u00a0 Contratos\u00a0 de Prestaci\u00f3n\u00a0 de Servicios\u00a0 de Exploraci\u00f3n y Explotaci\u00f3n\u00a0 de Hidrocarburos\u00a0 al nuevo modelo de Contrato\u00a0 de Participaci\u00f3n,\u00a0 en los cuales se incentive\u00a0 la inversi\u00f3n\u00a0 de riesgo y el incremento\u00a0 de la producci\u00f3n.<\/p>\n<p><strong>Identificar campos productivos<\/strong><\/p>\n<p>Tambi\u00e9n, entre otras acciones inmediatas solicita identificar\u00a0 los campos\u00a0 productivos\u00a0 que la Empresa\u00a0 P\u00fablica de Hidrocarburos\u00a0 del Ecuador- EP Petroecuador debe delegar\u00a0 a la iniciativa\u00a0 privada para su reactivaci\u00f3n e incremento\u00a0 de producci\u00f3n.<\/p>\n<p><strong>Estado actual e integral de las refiner\u00edas estatales<\/strong><\/p>\n<p>Al Ministerio de Energ\u00eda y Recursos Naturales No Renovables le pide que en 60\u00a0 d\u00edas,\u00a0 revise y reporte\u00a0 a la Presidencia de la Rep\u00fablica, el estado integral de funcionamiento\u00a0 de todas las refiner\u00edas \u00a0de la EP Petroecuador, as\u00ed como\u00a0 los procesos\u00a0 licitatorios\u00a0 de gesti\u00f3n\u00a0 delegada\u00a0 a la iniciativa\u00a0 privada,\u00a0 que permita\u00a0 identificar\u00a0 el estado de situaci\u00f3n\u00a0 de todo el sistema\u00a0 de refinaci\u00f3n\u00a0 p\u00fablico. As\u00ed como, el\u00a0 estado\u00a0 integral\u00a0 de\u00a0 funcionamiento\u00a0\u00a0 de\u00a0 todo\u00a0 el sistema\u00a0\u00a0 de\u00a0 transporte\u00a0\u00a0 de\u00a0 hidrocarburos,\u00a0\u00a0\u00a0 que\u00a0 permita\u00a0\u00a0 identificar\u00a0\u00a0 el \u00a0estado\u00a0\u00a0 de situaci\u00f3n\u00a0 de todo el sistema a fin de promover proyectos\u00a0 de inversi\u00f3n que permitan su mejora\u00a0 y optimizaci\u00f3n.<\/p>\n<p><strong>Venta de gasolineras de EP Petroecuador<\/strong><\/p>\n<p>El presidente Lasso exige que de manera\u00a0\u00a0 prioritaria\u00a0\u00a0 e\u00a0 inmediata\u00a0\u00a0 la\u00a0 venta\u00a0 de\u00a0 todas\u00a0\u00a0 las\u00a0 estaciones\u00a0 \u00a0de servicio de la Empresa\u00a0 P\u00fablica de Hidrocarburos\u00a0 del Ecuador\u00a0 EP Petroecuador,\u00a0 y revisar los Contratos\u00a0 de Distribuci\u00f3n\u00a0 existentes\u00a0 a fin de determinar\u00a0 su finalizaci\u00f3n.<\/p>\n<p><strong>Creaci\u00f3n de Fondo Petrolero<\/strong><\/p>\n<p>En el referido Decreto se solicita adem\u00e1s un proyecto de Ley para la creaci\u00f3n de un <strong>F<\/strong>ondo de Sostenibilidad Petrolera<strong>, <\/strong>el cual ser\u00e1 alimentado de un porcentaje de la\u00a0 renta\u00a0 petrolera\u00a0 neta\u00a0 del\u00a0 Estado\u00a0 y\u00a0 tendr\u00e1\u00a0 como\u00a0 beneficiarios\u00a0 programas espec\u00edficos para la erradicaci\u00f3n de la desnutrici\u00f3n infantil, en particular en las zonas\u00a0 de\u00a0 influencia\u00a0 de\u00a0 la\u00a0 actividad\u00a0 hidrocarbur\u00edfera.<\/p>\n<p>Adicional al pedido de la elaboraci\u00f3n y expedici\u00f3n de los correspondientes reformas legales y reglamentos afines a cada una las acciones solicitadas, el presidente Lasso pide, mediante disposici\u00f3n transitoria (de las tres descritas en el presente Decreto) que: \u201cen el t\u00e9rmino\u00a0 de 30 d\u00edas\u00a0 contados\u00a0 a partir\u00a0 de la expedici\u00f3n\u00a0\u00a0 del presente\u00a0 Decreto Ejecutivo,\u00a0 el Ministerio\u00a0 del Ambiente,\u00a0 Agua y Transici\u00f3n\u00a0 Ecol\u00f3gica\u00a0 en coordinaci\u00f3n\u00a0 con el Ministerio\u00a0 de Energ\u00eda y Recursos\u00a0 Naturales\u00a0 no Renovables,\u00a0 revisar\u00e1n los\u00a0 procesos\u00a0\u00a0 ambientales\u00a0\u00a0 existentes\u00a0\u00a0 del\u00a0 sector\u00a0 de\u00a0 hidrocarburos,\u00a0\u00a0 que\u00a0 se\u00a0 encuentren pendientes\u00a0 de ser atendidos\u00a0 y sean considerados\u00a0 como prioritarios\u00a0 y establecer\u00e1n\u00a0 un plan de acci\u00f3n\u00a0 inmediato,\u00a0\u00a0 el que\u00a0 no podr\u00e1\u00a0 ser superior\u00a0 a un plazo\u00a0 de 90 d\u00edas. (FA)<\/p>\n","protected":false},"excerpt":{"rendered":"<p>Mediante Decreto Ejecutivo N.- 95 firmado este mi\u00e9rcoles, el presidente de la Rep\u00fablica, Guillermo Lasso expidi\u00f3 la Pol\u00edtica P\u00fablica de<\/p>\n","protected":false},"author":1,"featured_media":18382,"comment_status":"closed","ping_status":"closed","sticky":false,"template":"","format":"image","meta":{"footnotes":""},"categories":[1],"tags":[],"_links":{"self":[{"href":"https:\/\/www.ecuadoraldia.com.ec\/index.php?rest_route=\/wp\/v2\/posts\/18381"}],"collection":[{"href":"https:\/\/www.ecuadoraldia.com.ec\/index.php?rest_route=\/wp\/v2\/posts"}],"about":[{"href":"https:\/\/www.ecuadoraldia.com.ec\/index.php?rest_route=\/wp\/v2\/types\/post"}],"author":[{"embeddable":true,"href":"https:\/\/www.ecuadoraldia.com.ec\/index.php?rest_route=\/wp\/v2\/users\/1"}],"replies":[{"embeddable":true,"href":"https:\/\/www.ecuadoraldia.com.ec\/index.php?rest_route=%2Fwp%2Fv2%2Fcomments&post=18381"}],"version-history":[{"count":2,"href":"https:\/\/www.ecuadoraldia.com.ec\/index.php?rest_route=\/wp\/v2\/posts\/18381\/revisions"}],"predecessor-version":[{"id":18479,"href":"https:\/\/www.ecuadoraldia.com.ec\/index.php?rest_route=\/wp\/v2\/posts\/18381\/revisions\/18479"}],"wp:featuredmedia":[{"embeddable":true,"href":"https:\/\/www.ecuadoraldia.com.ec\/index.php?rest_route=\/wp\/v2\/media\/18382"}],"wp:attachment":[{"href":"https:\/\/www.ecuadoraldia.com.ec\/index.php?rest_route=%2Fwp%2Fv2%2Fmedia&parent=18381"}],"wp:term":[{"taxonomy":"category","embeddable":true,"href":"https:\/\/www.ecuadoraldia.com.ec\/index.php?rest_route=%2Fwp%2Fv2%2Fcategories&post=18381"},{"taxonomy":"post_tag","embeddable":true,"href":"https:\/\/www.ecuadoraldia.com.ec\/index.php?rest_route=%2Fwp%2Fv2%2Ftags&post=18381"}],"curies":[{"name":"wp","href":"https:\/\/api.w.org\/{rel}","templated":true}]}}