{"id":18387,"date":"2021-07-07T19:05:34","date_gmt":"2021-07-08T00:05:34","guid":{"rendered":"http:\/\/www.ecuadoraldia.com.ec\/?p=18387"},"modified":"2021-07-07T19:06:32","modified_gmt":"2021-07-08T00:06:32","slug":"quien-era-jovenel-moise-el-presidente-de-haiti-que-gobernaba-por-decreto","status":"publish","type":"post","link":"https:\/\/www.ecuadoraldia.com.ec\/?p=18387","title":{"rendered":"Qui\u00e9n era Jovenel Moise, el presidente de Hait\u00ed que gobernaba por decreto."},"content":{"rendered":"<p><a href=\"http:\/\/www.ecuadoraldia.com.ec\/wp-content\/uploads\/2021\/07\/ahiti.jpg\"><img loading=\"lazy\" decoding=\"async\" class=\"aligncenter size-medium wp-image-18388\" src=\"http:\/\/www.ecuadoraldia.com.ec\/wp-content\/uploads\/2021\/07\/ahiti-300x200.jpg\" alt=\"\" width=\"300\" height=\"200\" srcset=\"https:\/\/www.ecuadoraldia.com.ec\/wp-content\/uploads\/2021\/07\/ahiti-300x200.jpg 300w, https:\/\/www.ecuadoraldia.com.ec\/wp-content\/uploads\/2021\/07\/ahiti.jpg 507w\" sizes=\"(max-width: 300px) 100vw, 300px\" \/><\/a><\/p>\n<p>El presidente de Hait\u00ed, Jovenel Moise, asesinado este mi\u00e9rcoles en su residencia, ven\u00eda gobernando por decreto luego del retraso de las elecciones previstas para 2018 y lideraba el gobierno en medio de fuertes disputas sobre cu\u00e1ndo terminar\u00eda su mandato.<\/p>\n<p>De 53 a\u00f1os, Moise naci\u00f3 en una familia de bajos ingresos en Trou-du-Nord, en el noroeste del pa\u00eds, hijo de un mercader y una costurera. En su adolescencia se mud\u00f3 a Puerto Pr\u00edncipe y estudi\u00f3 Ciencia Pol\u00edtica. Posteriormente, inici\u00f3 una carrera como empresario.<\/p>\n<p>En 2015, el presidente Michel Martelly lo design\u00f3 como el candidato a la presidencia del partido pol\u00edtico que Martelly fund\u00f3, el Partido Haitiano T\u00e8t Kale (PHTK). Las elecciones fueron turbulentas, con acusaciones de fraude, lo que oblig\u00f3 a realizar un nuevo proceso en 2016. All\u00ed, Moise venci\u00f3 en primera vuelta con el 55% de los votos, 36 puntos m\u00e1s que su rival.<\/p>\n<p>Asumi\u00f3 el cargo en febrero de 2017. Desde 2019 enfrentaba protestas sociales por el deterioro de las condiciones de vida en el pa\u00eds y acusaciones de corrupci\u00f3n.<\/p>\n<p>En febrero de este a\u00f1o, el Consejo superior judicial de Hait\u00ed dio cuenta del fin del mandato de Moise (tomando como partida el 2016), pero \u00e9ste sosten\u00eda que se mantendr\u00eda en el poder hasta el 7 de febrero de 2022 (al haber asumido en 2017), en una interpretaci\u00f3n de la Constituci\u00f3n rechazada por la oposici\u00f3n. En esa turbulenta semana, el presidente asegur\u00f3 que hab\u00eda frustrado un intento de golpe de Estado.<\/p>\n<p>En medio de la creciente violencia y una ola de secuestros, el presidente, acusado de inacci\u00f3n ante la inseguridad e impunidad de las bandas, continuaba gobernando la naci\u00f3n m\u00e1s pobre del hemisferio occidental a punta de decretos, sin contrapeso del Legislativo y con el objetivo de realizar un refer\u00e9ndum constitucional (no previsto en la Carta Magna), inicialmente programado para el 27 de junio y luego pospuesto en medio de la crisis. La oposici\u00f3n y muchas organizaciones de la sociedad civil rechazan de plano la propuesta presidencial, y denunciaban la ilegitimidad del mandato del jefe del Estado y la imposibilidad de organizar unas elecciones, dada la inseguridad generalizada.<\/p>\n<p>L\u00edderes opositores le acusaban de intentar aumentar su poder, por ejemplo al aprobar un decreto que limitaba las competencias de una corte que audita los contratos del gobierno o con otro que creaba una agencia de inteligencia que s\u00f3lo respond\u00eda ante el presidente.<\/p>\n<p>Esta semana, Mo\u00efse, hab\u00eda al m\u00e9dico Ariel Henry como primer ministro, su s\u00e9ptimo premier en cuatro a\u00f1os de gesti\u00f3n. El anterior jefe de gobierno no dur\u00f3 ni tres meses en este cargo.<\/p>\n<p>En este contexto, generando temores de un giro hacia la anarqu\u00eda generalizada, el Consejo de Seguridad de la ONU, Estados Unidos y Europa hab\u00edan manifestado que es prioritaria la celebraci\u00f3n de elecciones legislativas y presidenciales libres y transparentes, para finales de 2021.<\/p>\n<p>La reforma constitucional, apoyada por Moise y destinada a reforzar el poder ejecutivo, ha sido rechazada mayoritariamente por la oposici\u00f3n y muchas organizaciones de la sociedad civil.<\/p>\n<p>La Carta Magna actual fue redactada en 1987, tras la ca\u00edda de la dictadura de Duvalier, y declara que \u201ctoda consulta popular destinada a modificar la Constituci\u00f3n por refer\u00e9ndum est\u00e1 formalmente prohibida\u201d.<\/p>\n<p>Los cr\u00edticos tambi\u00e9n han afirmado que es imposible organizar una consulta debido a la inseguridad que sufre el pa\u00eds.<\/p>\n<p>Hait\u00ed, de m\u00e1s de 11 millones de personas, tambi\u00e9n se enfrenta a la pobreza cr\u00f3nica y a los recurrentes desastres naturales. El pa\u00eds a\u00fan no ha logrado recuperarse del devastador terremoto de 2010 y del hurac\u00e1n Matthew, que golpe\u00f3 el pa\u00eds en 2016.<\/p>\n<p>(Infobae-Con informaci\u00f3n de EFE y AFP)<\/p>\n","protected":false},"excerpt":{"rendered":"<p>El presidente de Hait\u00ed, Jovenel Moise, asesinado este mi\u00e9rcoles en su residencia, ven\u00eda gobernando por decreto luego del retraso de<\/p>\n","protected":false},"author":1,"featured_media":0,"comment_status":"closed","ping_status":"closed","sticky":false,"template":"","format":"standard","meta":{"footnotes":""},"categories":[7],"tags":[],"_links":{"self":[{"href":"https:\/\/www.ecuadoraldia.com.ec\/index.php?rest_route=\/wp\/v2\/posts\/18387"}],"collection":[{"href":"https:\/\/www.ecuadoraldia.com.ec\/index.php?rest_route=\/wp\/v2\/posts"}],"about":[{"href":"https:\/\/www.ecuadoraldia.com.ec\/index.php?rest_route=\/wp\/v2\/types\/post"}],"author":[{"embeddable":true,"href":"https:\/\/www.ecuadoraldia.com.ec\/index.php?rest_route=\/wp\/v2\/users\/1"}],"replies":[{"embeddable":true,"href":"https:\/\/www.ecuadoraldia.com.ec\/index.php?rest_route=%2Fwp%2Fv2%2Fcomments&post=18387"}],"version-history":[{"count":1,"href":"https:\/\/www.ecuadoraldia.com.ec\/index.php?rest_route=\/wp\/v2\/posts\/18387\/revisions"}],"predecessor-version":[{"id":18389,"href":"https:\/\/www.ecuadoraldia.com.ec\/index.php?rest_route=\/wp\/v2\/posts\/18387\/revisions\/18389"}],"wp:attachment":[{"href":"https:\/\/www.ecuadoraldia.com.ec\/index.php?rest_route=%2Fwp%2Fv2%2Fmedia&parent=18387"}],"wp:term":[{"taxonomy":"category","embeddable":true,"href":"https:\/\/www.ecuadoraldia.com.ec\/index.php?rest_route=%2Fwp%2Fv2%2Fcategories&post=18387"},{"taxonomy":"post_tag","embeddable":true,"href":"https:\/\/www.ecuadoraldia.com.ec\/index.php?rest_route=%2Fwp%2Fv2%2Ftags&post=18387"}],"curies":[{"name":"wp","href":"https:\/\/api.w.org\/{rel}","templated":true}]}}