{"id":18390,"date":"2021-07-07T19:26:29","date_gmt":"2021-07-08T00:26:29","guid":{"rendered":"http:\/\/www.ecuadoraldia.com.ec\/?p=18390"},"modified":"2021-07-07T21:45:57","modified_gmt":"2021-07-08T02:45:57","slug":"juez-otorga-medidas-cautelares-a-favor-de-jorge-yunda","status":"publish","type":"post","link":"https:\/\/www.ecuadoraldia.com.ec\/?p=18390","title":{"rendered":"Juez otorga medidas cautelares a favor de Jorge Yunda"},"content":{"rendered":"<p><a href=\"http:\/\/www.ecuadoraldia.com.ec\/wp-content\/uploads\/2021\/07\/yunda-medidas.jpg\"><img loading=\"lazy\" decoding=\"async\" class=\"aligncenter size-medium wp-image-18392\" src=\"http:\/\/www.ecuadoraldia.com.ec\/wp-content\/uploads\/2021\/07\/yunda-medidas-300x185.jpg\" alt=\"\" width=\"300\" height=\"185\" srcset=\"https:\/\/www.ecuadoraldia.com.ec\/wp-content\/uploads\/2021\/07\/yunda-medidas-300x185.jpg 300w, https:\/\/www.ecuadoraldia.com.ec\/wp-content\/uploads\/2021\/07\/yunda-medidas.jpg 504w\" sizes=\"(max-width: 300px) 100vw, 300px\" \/><\/a><br \/>\nEl juez de de la Corte Provincial de Pichincha, Carlos Enrique Soto concedi\u00f3 medidas cautelares a favor del alcalde Jorge Yunda Machado y dej\u00f3 suspendido el proceso de su remoci\u00f3n, aprobado por el Concejo Metropolitano el pasado 3 de junio y ratificado por el Tribunal Contencioso Electoral el 1 de julio del mes en curso.<\/p>\n<p>La medida estableci\u00f3 \u201cla suspensi\u00f3n de la ejecuci\u00f3n de la Resoluci\u00f3n No. C043-2021 de fecha 03 de junio de 2021, suscrita por el vicealcalde Santiago Guarderas, con la que se resolvi\u00f3 en Art\u00edculo \u00danico remover del cargo de alcalde Jorge Homero Yunda Machado\u201d.<\/p>\n<p>El Juez indic\u00f3 que la suspensi\u00f3n se mantendr\u00e1 vigente hasta que la Corte Provincial notifique su dictamen \u201cconfirmando, reformando, negando o en general pronunci\u00e1ndose\u201d sobre el recurso de apelaci\u00f3n que present\u00f3 el Alcalde en contra del informe de la Comisi\u00f3n de Mesa con el que se tramit\u00f3 su remoci\u00f3n.<\/p>\n<p>Yunda se pronunci\u00f3 a trav\u00e9s de su cuenta de Twitter. \u201cNuevamente la justicia me ha dado la raz\u00f3n, se han otorgado medidas cautelares, ordenando al Concejo Metropolitano no posesionar al se\u00f1or Guarderas que quiere entrar por la ventana\u201d, escribi\u00f3 el burgomaestre.<\/p>\n<p>En el documento firmado por el Juez se indic\u00f3 que, en su requerimiento, el alcalde solicit\u00f3 este recurso para evitar una vulneraci\u00f3n de sus derechos. \u201cEn el presente caso, existe una notoria vulneraci\u00f3n a mis derechos constitucionales que su Autoridad puede cesarlos para que no sea grave y su reparaci\u00f3n se torne en imposible\u201d, anot\u00f3 el Juez en su resoluci\u00f3n.<\/p>\n","protected":false},"excerpt":{"rendered":"<p>El juez de de la Corte Provincial de Pichincha, Carlos Enrique Soto concedi\u00f3 medidas cautelares a favor del alcalde Jorge<\/p>\n","protected":false},"author":1,"featured_media":0,"comment_status":"closed","ping_status":"closed","sticky":false,"template":"","format":"standard","meta":{"footnotes":""},"categories":[5],"tags":[],"_links":{"self":[{"href":"https:\/\/www.ecuadoraldia.com.ec\/index.php?rest_route=\/wp\/v2\/posts\/18390"}],"collection":[{"href":"https:\/\/www.ecuadoraldia.com.ec\/index.php?rest_route=\/wp\/v2\/posts"}],"about":[{"href":"https:\/\/www.ecuadoraldia.com.ec\/index.php?rest_route=\/wp\/v2\/types\/post"}],"author":[{"embeddable":true,"href":"https:\/\/www.ecuadoraldia.com.ec\/index.php?rest_route=\/wp\/v2\/users\/1"}],"replies":[{"embeddable":true,"href":"https:\/\/www.ecuadoraldia.com.ec\/index.php?rest_route=%2Fwp%2Fv2%2Fcomments&post=18390"}],"version-history":[{"count":3,"href":"https:\/\/www.ecuadoraldia.com.ec\/index.php?rest_route=\/wp\/v2\/posts\/18390\/revisions"}],"predecessor-version":[{"id":18406,"href":"https:\/\/www.ecuadoraldia.com.ec\/index.php?rest_route=\/wp\/v2\/posts\/18390\/revisions\/18406"}],"wp:attachment":[{"href":"https:\/\/www.ecuadoraldia.com.ec\/index.php?rest_route=%2Fwp%2Fv2%2Fmedia&parent=18390"}],"wp:term":[{"taxonomy":"category","embeddable":true,"href":"https:\/\/www.ecuadoraldia.com.ec\/index.php?rest_route=%2Fwp%2Fv2%2Fcategories&post=18390"},{"taxonomy":"post_tag","embeddable":true,"href":"https:\/\/www.ecuadoraldia.com.ec\/index.php?rest_route=%2Fwp%2Fv2%2Ftags&post=18390"}],"curies":[{"name":"wp","href":"https:\/\/api.w.org\/{rel}","templated":true}]}}