{"id":18407,"date":"2021-07-08T08:51:33","date_gmt":"2021-07-08T13:51:33","guid":{"rendered":"http:\/\/www.ecuadoraldia.com.ec\/?p=18407"},"modified":"2021-07-08T09:25:26","modified_gmt":"2021-07-08T14:25:26","slug":"nuevo-accidente-de-transito-en-la-via-aloag-deja-tres-personas-heridas","status":"publish","type":"post","link":"https:\/\/www.ecuadoraldia.com.ec\/?p=18407","title":{"rendered":"Nuevo accidente de tr\u00e1nsito en la v\u00eda Al\u00f3ag deja tres personas heridas"},"content":{"rendered":"<p>El Cuerpo de Bomberos del cant\u00f3n Mej\u00eda, en la provincia de Pichincha, inform\u00f3, la ma\u00f1ana de \u00a0este jueves 8 de julio, sobre un accidente de tr\u00e1nsito que se produjo en la v\u00eda Al\u00f3ag-Latacunga<a href=\"http:\/\/www.ecuadoraldia.com.ec\/wp-content\/uploads\/2021\/07\/otra-del-accidente-1.jpeg\"><img loading=\"lazy\" decoding=\"async\" class=\"size-medium wp-image-18409 alignleft\" src=\"http:\/\/www.ecuadoraldia.com.ec\/wp-content\/uploads\/2021\/07\/otra-del-accidente-1-300x200.jpeg\" alt=\"\" width=\"300\" height=\"200\" \/><\/a>, en horas de la madrugada.<\/p>\n<p>Seg\u00fan informaci\u00f3n proporcionada por Polic\u00eda Nacional el choque se produjo entre dos veh\u00edculos medianos y dej\u00f3 como resultado tres personas heridas, mismas que fueron llevadas por los cuerpos de socorro a casas de salud de la poblaci\u00f3n de Machachi.<\/p>\n<p>Personal de investigaciones de accidentes de tr\u00e1nsito han tomado las respectivas evidencias para determinar las responsabilidades de cada uno de los conductores y aplicar las sanciones que determinen la normativa vigente.<\/p>\n","protected":false},"excerpt":{"rendered":"<p>El Cuerpo de Bomberos del cant\u00f3n Mej\u00eda, en la provincia de Pichincha, inform\u00f3, la ma\u00f1ana de \u00a0este jueves 8 de<\/p>\n","protected":false},"author":1,"featured_media":0,"comment_status":"closed","ping_status":"closed","sticky":false,"template":"","format":"standard","meta":{"footnotes":""},"categories":[20,1],"tags":[],"_links":{"self":[{"href":"https:\/\/www.ecuadoraldia.com.ec\/index.php?rest_route=\/wp\/v2\/posts\/18407"}],"collection":[{"href":"https:\/\/www.ecuadoraldia.com.ec\/index.php?rest_route=\/wp\/v2\/posts"}],"about":[{"href":"https:\/\/www.ecuadoraldia.com.ec\/index.php?rest_route=\/wp\/v2\/types\/post"}],"author":[{"embeddable":true,"href":"https:\/\/www.ecuadoraldia.com.ec\/index.php?rest_route=\/wp\/v2\/users\/1"}],"replies":[{"embeddable":true,"href":"https:\/\/www.ecuadoraldia.com.ec\/index.php?rest_route=%2Fwp%2Fv2%2Fcomments&post=18407"}],"version-history":[{"count":3,"href":"https:\/\/www.ecuadoraldia.com.ec\/index.php?rest_route=\/wp\/v2\/posts\/18407\/revisions"}],"predecessor-version":[{"id":18413,"href":"https:\/\/www.ecuadoraldia.com.ec\/index.php?rest_route=\/wp\/v2\/posts\/18407\/revisions\/18413"}],"wp:attachment":[{"href":"https:\/\/www.ecuadoraldia.com.ec\/index.php?rest_route=%2Fwp%2Fv2%2Fmedia&parent=18407"}],"wp:term":[{"taxonomy":"category","embeddable":true,"href":"https:\/\/www.ecuadoraldia.com.ec\/index.php?rest_route=%2Fwp%2Fv2%2Fcategories&post=18407"},{"taxonomy":"post_tag","embeddable":true,"href":"https:\/\/www.ecuadoraldia.com.ec\/index.php?rest_route=%2Fwp%2Fv2%2Ftags&post=18407"}],"curies":[{"name":"wp","href":"https:\/\/api.w.org\/{rel}","templated":true}]}}