{"id":18415,"date":"2021-07-12T10:01:16","date_gmt":"2021-07-12T15:01:16","guid":{"rendered":"http:\/\/www.ecuadoraldia.com.ec\/?p=18415"},"modified":"2021-07-13T22:06:05","modified_gmt":"2021-07-14T03:06:05","slug":"arroceros-cerraron-vias-en-la-provincia-de-guayas-esta-manana","status":"publish","type":"post","link":"https:\/\/www.ecuadoraldia.com.ec\/?p=18415","title":{"rendered":"Arroceros cerraron v\u00edas en la provincia de Guayas esta ma\u00f1ana"},"content":{"rendered":"<p>Esta ma\u00f1ana en la v\u00eda Samborond\u00f3n, sector Puente Alterno Norte, en la provincia de Guayas se reportaron los primeros cierres de v\u00edas con maquinaria pesada. Esto como s\u00edntomas de las acciones de protesta de los productores arroceros que exigen al Gobierno Nacional la revisi\u00f3n del precio de la gram\u00ednea, absorba la cosecha y apertura una mesa tem\u00e1tica permanente con los diferentes actores p\u00fablicos y privados de la cadena del arroz.<\/p>\n<p>La Asociaci\u00f3n de Productores Agr\u00edcolas Aut\u00f3nomos Los Ca\u00eddos emitieron este fin de semana un pronunciamiento, a trav\u00e9s del cual lamentaban que la ministra de Agricultura, Tanlly Vera Mendoza y otras autoridades estatales no han mantenidos los di\u00e1logos con los productores arroceros.<\/p>\n<p>Ante las primeras acciones de protesta y cierre de v\u00edas, el gobernador del Guayas, Vicente Taiano reiter\u00f3 la posici\u00f3n del R\u00e9gimen de advertir a quienes violenten la Constituci\u00f3n y la ley con medidas que impidan la libre circulaci\u00f3n de la ciudadan\u00eda.<\/p>\n<p>\u201cNo estamos aqu\u00ed para reprimir ni amenazar a nadie. Pero tampoco estamos para permitir se cause da\u00f1o a miles y miles de ecuatorianos. Estamos trabajando todas las autoridades a fin de encontrar una soluci\u00f3n pac\u00edfica\u201d, afirm\u00f3 el Gobernador. (FA)<\/p>\n","protected":false},"excerpt":{"rendered":"<p>Esta ma\u00f1ana en la v\u00eda Samborond\u00f3n, sector Puente Alterno Norte, en la provincia de Guayas se reportaron los primeros cierres<\/p>\n","protected":false},"author":1,"featured_media":18416,"comment_status":"closed","ping_status":"closed","sticky":false,"template":"","format":"standard","meta":{"footnotes":""},"categories":[1],"tags":[],"_links":{"self":[{"href":"https:\/\/www.ecuadoraldia.com.ec\/index.php?rest_route=\/wp\/v2\/posts\/18415"}],"collection":[{"href":"https:\/\/www.ecuadoraldia.com.ec\/index.php?rest_route=\/wp\/v2\/posts"}],"about":[{"href":"https:\/\/www.ecuadoraldia.com.ec\/index.php?rest_route=\/wp\/v2\/types\/post"}],"author":[{"embeddable":true,"href":"https:\/\/www.ecuadoraldia.com.ec\/index.php?rest_route=\/wp\/v2\/users\/1"}],"replies":[{"embeddable":true,"href":"https:\/\/www.ecuadoraldia.com.ec\/index.php?rest_route=%2Fwp%2Fv2%2Fcomments&post=18415"}],"version-history":[{"count":3,"href":"https:\/\/www.ecuadoraldia.com.ec\/index.php?rest_route=\/wp\/v2\/posts\/18415\/revisions"}],"predecessor-version":[{"id":18478,"href":"https:\/\/www.ecuadoraldia.com.ec\/index.php?rest_route=\/wp\/v2\/posts\/18415\/revisions\/18478"}],"wp:featuredmedia":[{"embeddable":true,"href":"https:\/\/www.ecuadoraldia.com.ec\/index.php?rest_route=\/wp\/v2\/media\/18416"}],"wp:attachment":[{"href":"https:\/\/www.ecuadoraldia.com.ec\/index.php?rest_route=%2Fwp%2Fv2%2Fmedia&parent=18415"}],"wp:term":[{"taxonomy":"category","embeddable":true,"href":"https:\/\/www.ecuadoraldia.com.ec\/index.php?rest_route=%2Fwp%2Fv2%2Fcategories&post=18415"},{"taxonomy":"post_tag","embeddable":true,"href":"https:\/\/www.ecuadoraldia.com.ec\/index.php?rest_route=%2Fwp%2Fv2%2Ftags&post=18415"}],"curies":[{"name":"wp","href":"https:\/\/api.w.org\/{rel}","templated":true}]}}