{"id":18420,"date":"2021-07-12T16:21:57","date_gmt":"2021-07-12T21:21:57","guid":{"rendered":"http:\/\/www.ecuadoraldia.com.ec\/?p=18420"},"modified":"2021-07-12T16:34:36","modified_gmt":"2021-07-12T21:34:36","slug":"el-proceso-de-inmunizacion-contra-el-covid-19-continua-mientras-que-se-confirmo-la-presencia-de-la-variante-delta-en-el-pais","status":"publish","type":"post","link":"https:\/\/www.ecuadoraldia.com.ec\/?p=18420","title":{"rendered":"Inmunizaci\u00f3n contra la covid 19 contin\u00faa, mientras se confirma la presencia de la variante Delta en el pa\u00eds"},"content":{"rendered":"<p><a href=\"http:\/\/www.ecuadoraldia.com.ec\/wp-content\/uploads\/2021\/07\/foto-vacunaci\u00f3n-1.jpg\"><img loading=\"lazy\" decoding=\"async\" class=\"size-medium wp-image-18421 alignleft\" src=\"http:\/\/www.ecuadoraldia.com.ec\/wp-content\/uploads\/2021\/07\/foto-vacunaci\u00f3n-1-300x265.jpg\" alt=\"\" width=\"300\" height=\"265\" \/><\/a>Lo que las autoridades nacionales de salud tanto tem\u00edan se produjo; este lunes la ministra del ramo, Ximena Garz\u00f3n confirm\u00f3 la presencia, en el pa\u00eds de la variante Delta y Delta Plus, cepas de la covid 19, cuya caracter\u00edstica principal es el de ser extremadamente contagiosas.<\/p>\n<p>Los casos se identificaron en pacientes de la provincia de El Oro y Guayas. Seg\u00fan dijo Garz\u00f3n, los contagiados con esta modificaci\u00f3n de virus se encuentran estables y bajo cuidado m\u00e9dico. Adem\u00e1s, inform\u00f3 que se est\u00e1n realizando los respectivos cercos epidemiol\u00f3gicos para controlar m\u00e1s posibles contagios.<\/p>\n<p>Esto mientras tanto, dentro del plan de vacunaci\u00f3n ideado por el Gobierno, se comenz\u00f3 con la inmunizaci\u00f3n de los ecuatorianos cuyas edades oscilan entre los 48 y los 39 a\u00f1os de edad, seg\u00fan la informaci\u00f3n entregada por el Ministerio de Salud P\u00fablica (MSP).<\/p>\n<p>En la Unidad Educativa Calder\u00f3n, ubicada al norte de la ciudad capital, la atenci\u00f3n comenz\u00f3 desde las 08h00 de ma\u00f1ana como estaba establecido. En un inici\u00f3 un n\u00famero de 10 personas esperaban su turno, aunque con el paso de los minutos el n\u00famero creci\u00f3 considerablemente.<\/p>\n<p>Una vez que se abrieron las puertas el personal de MSP invit\u00f3 a los presentes a ingresar a las instalaciones del establecimiento, sin antes recordarles que el \u00fanico requisito indispensable para la vacunaci\u00f3n era la c\u00e9dula de<a href=\"http:\/\/www.ecuadoraldia.com.ec\/wp-content\/uploads\/2021\/07\/Foto-de-vacunaci\u00f3n-2.jpg\"><img loading=\"lazy\" decoding=\"async\" class=\"size-medium wp-image-18422 alignright\" src=\"http:\/\/www.ecuadoraldia.com.ec\/wp-content\/uploads\/2021\/07\/Foto-de-vacunaci\u00f3n-2-300x217.jpg\" alt=\"\" width=\"300\" height=\"217\" \/><\/a> identidad.<\/p>\n<p>Una vez verificada la identidad y la edad de los pacientes, uno a uno, pasaban a una extensa carpa donde era controlados por personal militar quienes daban las indicaciones de los pasos que deb\u00edan seguir para recibir la vacuna.<\/p>\n<p>Con esto, les hac\u00edan sentar en unas sillas de pl\u00e1stico ubicadas bajo la carpa para esperar su turno. Sin mucha demora y en grupos de 10 personas pasaban a dos aulas donde m\u00e9dicos y enfermeras estaban listos para inyectar el remedio a las personas. Antes de colocar el medicamento, los pacientes entregaban los datos principales para el registro, sean beneficiarios de la primera o la segunda dosis.<\/p>\n<p><a href=\"http:\/\/www.ecuadoraldia.com.ec\/wp-content\/uploads\/2021\/07\/Foto-de-vacunaci\u00f3n-3.jpg\"><img loading=\"lazy\" decoding=\"async\" class=\"size-medium wp-image-18423 alignleft\" src=\"http:\/\/www.ecuadoraldia.com.ec\/wp-content\/uploads\/2021\/07\/Foto-de-vacunaci\u00f3n-3-300x225.jpg\" alt=\"\" width=\"300\" height=\"225\" \/><\/a>Luego de esto se proced\u00eda con la inmunizaci\u00f3n. Al salir personal del MSP les entregaba un certificado en el que se registraba los nombres, las direcciones, las edades, los n\u00fameros de c\u00e9dulas, as\u00ed como la fecha de la vacunaci\u00f3n. Esto en el caso de que sea la primera dosis conocer el tiempo que deben esperar para administrase la segunda.<\/p>\n<p>En este lugar el proceso demor\u00f3 no m\u00e1s de una hora por lo que las personas, en su gran mayor\u00eda salieron muy satisfechas con la atenci\u00f3n y la organizaci\u00f3n. Sin embargo, al parecer esta no fue la t\u00f3nica en otros centros de vacunaci\u00f3n, ya que decenas de personas, por redes sociales, reportaron su malestar por la forma en que fueron tratados y el tiempo que les tom\u00f3 inmunizarse. (BHS)<\/p>\n","protected":false},"excerpt":{"rendered":"<p>Lo que las autoridades nacionales de salud tanto tem\u00edan se produjo; este lunes la ministra del ramo, Ximena Garz\u00f3n confirm\u00f3<\/p>\n","protected":false},"author":1,"featured_media":0,"comment_status":"closed","ping_status":"closed","sticky":false,"template":"","format":"standard","meta":{"footnotes":""},"categories":[1],"tags":[],"_links":{"self":[{"href":"https:\/\/www.ecuadoraldia.com.ec\/index.php?rest_route=\/wp\/v2\/posts\/18420"}],"collection":[{"href":"https:\/\/www.ecuadoraldia.com.ec\/index.php?rest_route=\/wp\/v2\/posts"}],"about":[{"href":"https:\/\/www.ecuadoraldia.com.ec\/index.php?rest_route=\/wp\/v2\/types\/post"}],"author":[{"embeddable":true,"href":"https:\/\/www.ecuadoraldia.com.ec\/index.php?rest_route=\/wp\/v2\/users\/1"}],"replies":[{"embeddable":true,"href":"https:\/\/www.ecuadoraldia.com.ec\/index.php?rest_route=%2Fwp%2Fv2%2Fcomments&post=18420"}],"version-history":[{"count":6,"href":"https:\/\/www.ecuadoraldia.com.ec\/index.php?rest_route=\/wp\/v2\/posts\/18420\/revisions"}],"predecessor-version":[{"id":18429,"href":"https:\/\/www.ecuadoraldia.com.ec\/index.php?rest_route=\/wp\/v2\/posts\/18420\/revisions\/18429"}],"wp:attachment":[{"href":"https:\/\/www.ecuadoraldia.com.ec\/index.php?rest_route=%2Fwp%2Fv2%2Fmedia&parent=18420"}],"wp:term":[{"taxonomy":"category","embeddable":true,"href":"https:\/\/www.ecuadoraldia.com.ec\/index.php?rest_route=%2Fwp%2Fv2%2Fcategories&post=18420"},{"taxonomy":"post_tag","embeddable":true,"href":"https:\/\/www.ecuadoraldia.com.ec\/index.php?rest_route=%2Fwp%2Fv2%2Ftags&post=18420"}],"curies":[{"name":"wp","href":"https:\/\/api.w.org\/{rel}","templated":true}]}}