{"id":18430,"date":"2021-07-12T17:45:34","date_gmt":"2021-07-12T22:45:34","guid":{"rendered":"http:\/\/www.ecuadoraldia.com.ec\/?p=18430"},"modified":"2021-07-12T18:55:20","modified_gmt":"2021-07-12T23:55:20","slug":"agricultores-de-varias-provincias-del-pais-reclaman-atencion-al-gobierno","status":"publish","type":"post","link":"https:\/\/www.ecuadoraldia.com.ec\/?p=18430","title":{"rendered":"Agricultores de varias provincias del Pa\u00eds reclaman atenci\u00f3n al gobierno"},"content":{"rendered":"<p><a href=\"http:\/\/www.ecuadoraldia.com.ec\/wp-content\/uploads\/2021\/07\/paro-guayas.jpg\"><img loading=\"lazy\" decoding=\"async\" class=\"size-medium wp-image-18431 alignleft\" src=\"http:\/\/www.ecuadoraldia.com.ec\/wp-content\/uploads\/2021\/07\/paro-guayas-300x180.jpg\" alt=\"\" width=\"300\" height=\"180\" srcset=\"https:\/\/www.ecuadoraldia.com.ec\/wp-content\/uploads\/2021\/07\/paro-guayas-300x180.jpg 300w, https:\/\/www.ecuadoraldia.com.ec\/wp-content\/uploads\/2021\/07\/paro-guayas.jpg 410w\" sizes=\"(max-width: 300px) 100vw, 300px\" \/><\/a><br \/>\nDesde las 06:00 de este lunes 12 de julio del 2021, los campesinos de Guayas. Sucumb\u00edos y Orellana, cerraron las v\u00edas en reclamo al r\u00e9gimen de Guillermo Lasso, por atenci\u00f3n al agro<\/p>\n<p>La Corporaci\u00f3n Nacional de Organizaciones de Productores Arroceros inform\u00f3 que la medida se concret\u00f3 una vez que no han tenido respuesta del Gobierno para tratar \u201ctemas sensibles\u201d. A trav\u00e9s de un comunicado aclararon que la medida se ampara en el derecho a la resistencia establecido en la Constituci\u00f3n.<\/p>\n<p>Entre otros pedidos, recordaron que se debe reformar el acuerdo ministerial 045, fijando el precio del arroz en USD 33, sin la franja. Tambi\u00e9n solicitan que \u201cel Gobierno absorba la cosecha de los productores arroceros\u201d y que se realice una meta tem\u00e1tica permanente con diferentes actores p\u00fablicos y privados de la cadena de la gram\u00ednea.<\/p>\n<p>Javier Ronquillo, presidente de la Asociaci\u00f3n de Productores de Santa Luc\u00eda, expres\u00f3 que las v\u00edas seguir\u00e1n siendo bloqueadas hasta que el Gobierno genere soluci\u00f3n a sus demandas. Record\u00f3 que durante la pandemia el agricultor no par\u00f3 su trabajo.<\/p>\n<p><a href=\"http:\/\/www.ecuadoraldia.com.ec\/wp-content\/uploads\/2021\/07\/richard-intriago.jpg\"><img loading=\"lazy\" decoding=\"async\" class=\"size-medium wp-image-18446 alignleft\" src=\"http:\/\/www.ecuadoraldia.com.ec\/wp-content\/uploads\/2021\/07\/richard-intriago-300x169.jpg\" alt=\"\" width=\"300\" height=\"169\" srcset=\"https:\/\/www.ecuadoraldia.com.ec\/wp-content\/uploads\/2021\/07\/richard-intriago-300x169.jpg 300w, https:\/\/www.ecuadoraldia.com.ec\/wp-content\/uploads\/2021\/07\/richard-intriago.jpg 678w\" sizes=\"(max-width: 300px) 100vw, 300px\" \/><\/a><\/p>\n<p><em>Richard Intriago, dirigente del Movimiento Nacional Campesino (Fecaol) que este lunes lider\u00f3 el paro de agricultores arroceros, ha cerrado al menos diez carreteras en la provincia del Guayas, exigiendo medidas para un precio de sustentanci\u00f3n del arroz, es un pol\u00edtico que busc\u00f3 la candidatura a la presidencia de la Rep\u00fablica para las elecciones de 2021, sin haber llegado a concretarla.<\/em><br \/>\n<em>Tambi\u00e9n es dirigente de un movimiento pol\u00edtico llamado \u00abPartido del Pueblo\u00bb.<\/em><\/p>\n<p>El gobernador del Guayas, Vicente Taiano, tras recibir junto a la ministra de Agricultura Tanlly\u00a0 Vera\u00a0 \u00a0y el Viceministro de Gobierno, Homero Castanier, se estableci\u00f3 una hoja de ruta para los pr\u00f3ximos d\u00edas.<\/p>\n<p>En primer lugar, los representantes de los sectores de arroz y ca\u00f1a de az\u00facar formar\u00e1n parte de las mesas t\u00e9cnicas para reformar los respectivos acuerdos ministeriales. El objetivo es garantizar un precio justo para la saca de arroz y otros productos agr\u00edcolas.<\/p>\n<p>Agreg\u00f3 que est\u00e1n trabajando con todas las autoridades para encontrar una soluci\u00f3n pac\u00edfica. \u201cInvito a los dirigentes arroceros del pa\u00eds a seguir dialogando para buscar una salida a la crisis.<\/p>\n<p>En Guayas, se reportaron cierres en 11 puntos: Jujan \u2013 Tres Postes, Puerto Inca \u2013 Naranjal, Santa Luc\u00eda \u2013 Km 65, Santa Luc\u00eda \u2013 Limonal, Daule \u2013 T de salitre; Samborond\u00f3n- sector las Barracas; Daule \u2013 Petrillo, Dur\u00e1n \u2013 redondel de los Bancos km 15, Dur\u00e1n \u2013 estaci\u00f3n Boliche, y Daule \u2013 Redondel de Nobol.<\/p>\n<p>En tanto, en la Amazon\u00eda se report\u00f3 cierres en Sucumb\u00edos y Orellana por parte de bananeros y arroceros. \u00c1ngel Pazmi\u00f1o, agricultor de Sucumb\u00edos, cuestion\u00f3 el alto costo del combustible y fertilizante. \u201cY la miseria de precio que nos est\u00e1n pagando, nos pagan USD 20 por quintal de arroz, que no nos alcanza ni para sacar los costos de inversi\u00f3n\u201d.<\/p>\n<p>La semana pasada tambi\u00e9n hubo manifestaciones, de los arroceros en Guayas, que reclaman al gobierno, se cumpla el precio establecido para la venta del saco de arroz en cascara de 200 libras en 35 d\u00f3lares, a trav\u00e9s de las comercializadoras y piladoras que no se cumple; mientras en el mercado el quintal de arroz, se vende entre 50 y 60 d\u00f3lares.<\/p>\n<p>\u201cLas autoridades se han comprometido a hacer todo lo necesario para que nadie incumpla los precios oficiales. Entonces nosotros estamos levantando la medida de hecho en todo el pa\u00eds. El Gobierno empezar\u00e1, en menos de 24 horas, a resolver los problemas del sector agropecuario\u201d, puntualiz\u00f3 Intriago.<\/p>\n","protected":false},"excerpt":{"rendered":"<p>Desde las 06:00 de este lunes 12 de julio del 2021, los campesinos de Guayas. Sucumb\u00edos y Orellana, cerraron las<\/p>\n","protected":false},"author":1,"featured_media":0,"comment_status":"closed","ping_status":"closed","sticky":false,"template":"","format":"standard","meta":{"footnotes":""},"categories":[11],"tags":[102],"_links":{"self":[{"href":"https:\/\/www.ecuadoraldia.com.ec\/index.php?rest_route=\/wp\/v2\/posts\/18430"}],"collection":[{"href":"https:\/\/www.ecuadoraldia.com.ec\/index.php?rest_route=\/wp\/v2\/posts"}],"about":[{"href":"https:\/\/www.ecuadoraldia.com.ec\/index.php?rest_route=\/wp\/v2\/types\/post"}],"author":[{"embeddable":true,"href":"https:\/\/www.ecuadoraldia.com.ec\/index.php?rest_route=\/wp\/v2\/users\/1"}],"replies":[{"embeddable":true,"href":"https:\/\/www.ecuadoraldia.com.ec\/index.php?rest_route=%2Fwp%2Fv2%2Fcomments&post=18430"}],"version-history":[{"count":7,"href":"https:\/\/www.ecuadoraldia.com.ec\/index.php?rest_route=\/wp\/v2\/posts\/18430\/revisions"}],"predecessor-version":[{"id":18447,"href":"https:\/\/www.ecuadoraldia.com.ec\/index.php?rest_route=\/wp\/v2\/posts\/18430\/revisions\/18447"}],"wp:attachment":[{"href":"https:\/\/www.ecuadoraldia.com.ec\/index.php?rest_route=%2Fwp%2Fv2%2Fmedia&parent=18430"}],"wp:term":[{"taxonomy":"category","embeddable":true,"href":"https:\/\/www.ecuadoraldia.com.ec\/index.php?rest_route=%2Fwp%2Fv2%2Fcategories&post=18430"},{"taxonomy":"post_tag","embeddable":true,"href":"https:\/\/www.ecuadoraldia.com.ec\/index.php?rest_route=%2Fwp%2Fv2%2Ftags&post=18430"}],"curies":[{"name":"wp","href":"https:\/\/api.w.org\/{rel}","templated":true}]}}