{"id":18437,"date":"2021-07-12T18:04:21","date_gmt":"2021-07-12T23:04:21","guid":{"rendered":"http:\/\/www.ecuadoraldia.com.ec\/?p=18437"},"modified":"2021-07-12T18:05:34","modified_gmt":"2021-07-12T23:05:34","slug":"la-sip-denuncia-ataques-a-periodistas-independientes-en-cuba","status":"publish","type":"post","link":"https:\/\/www.ecuadoraldia.com.ec\/?p=18437","title":{"rendered":"La SIP denuncia ataques a periodistas  en Cuba"},"content":{"rendered":"<p><a href=\"http:\/\/www.ecuadoraldia.com.ec\/wp-content\/uploads\/2021\/07\/cuba.jpg\"><img loading=\"lazy\" decoding=\"async\" class=\"size-medium wp-image-18438 alignleft\" src=\"http:\/\/www.ecuadoraldia.com.ec\/wp-content\/uploads\/2021\/07\/cuba-300x169.jpg\" alt=\"\" width=\"300\" height=\"169\" srcset=\"https:\/\/www.ecuadoraldia.com.ec\/wp-content\/uploads\/2021\/07\/cuba-300x169.jpg 300w, https:\/\/www.ecuadoraldia.com.ec\/wp-content\/uploads\/2021\/07\/cuba.jpg 522w\" sizes=\"(max-width: 300px) 100vw, 300px\" \/><\/a><\/p>\n<p>julio 12, 2021. El presidente de la SIP exigi\u00f3 garant\u00edas para el trabajo de los comunicadores independientes.<br \/>\nLa Sociedad Interamericana de Prensa (SIP) repudi\u00f3, tambi\u00e9n, el corte de internet cuando se transmit\u00edan por redes las protestas ocurridas en Cuba el domingo.<\/p>\n<p>MIAMI. La Sociedad Interamericana de Prensa (SIP) conden\u00f3 este 12 de julio de 2021 el arresto y los ataques a periodistas independientes en Cuba, durante las protestas ocurridas la v\u00edspera (11 de julio). Tambi\u00e9n denunci\u00f3 la interrupci\u00f3n del servicio de internet mientras las manifestaciones se transmit\u00edan por las redes sociales.<\/p>\n<p>En un comunicado, la organizaci\u00f3n regional denunci\u00f3, adem\u00e1s, el llamado al uso de la fuerza \u201ccon la clara intenci\u00f3n de cercenar las libertades de asociaci\u00f3n, de prensa y expresi\u00f3n\u201d.<\/p>\n<p>Durante las protestas sociales que grupos de ciudadanos efectuaron en diversas localidades y provincias del pa\u00eds \u201cfueron agredidos y arrestados en forma arbitraria varios periodistas\u201c, denunci\u00f3 la SIP, con sede en Miami (Florida).<\/p>\n<p>Entre los periodistas independientes \u201cafectados\u201d se encuentran H\u00e9ctor Luis Vald\u00e9s, del portal digital ADN Cuba; Ram\u00f3n Espinosa, fotorreportero de la agencia The Associated Press (AP), y un camar\u00f3grafo de esa agencia, quienes fueron atacados por agentes de las fuerzas de seguridad de Cuba mientras cubr\u00edan las manifestaciones en una zona c\u00e9ntrica de La Habana.<\/p>\n<p>Hasta el momento se desconoce la cantidad de comunicadores \u201ccensurados\u201d y a qui\u00e9nes \u201cles confiscaron sus celulares y equipos de trabajo y padecen la interrupci\u00f3n de las comunicaciones por internet\u201c, agreg\u00f3 el comunicado.<\/p>\n<p>\u201cCondenamos las agresiones del r\u00e9gimen contra las personas que se estaban manifestando y tambi\u00e9n contra los periodistas que cubr\u00edan los hechos\u201d; en especial el llamado del presidente cubano, Miguel D\u00edaz-Canel, a que \u201cse use la fuerza, con la clara intenci\u00f3n de cercenar las libertades de asociaci\u00f3n, de prensa y expresi\u00f3n\u201d, se\u00f1al\u00f3 Jorge Canahuati, presidente de la SIP.<\/p>\n<p>Miles de cubanos tomaron las calles este domingo para protestar contra el Gobierno al grito de \u201c\u00a1Libertad!\u201d en una jornada in\u00e9dita que se sald\u00f3 con cientos de detenidos y enfrentamientos despu\u00e9s de que D\u00edaz-Canel conminara por televisi\u00f3n a sus partidarios a salir a enfrentar a los manifestantes y defender la Revoluci\u00f3n.<\/p>\n<p>Seg\u00fan la SIP, las manifestaciones se transmit\u00edan en vivo por Facebook cuando repentinamente el servicio de conexi\u00f3n a internet se interrumpi\u00f3 en todo el pa\u00eds.<\/p>\n<p>Una vez m\u00e1s, la SIP denunci\u00f3 el uso del monopolio estatal de la Empresa de Telecomunicaciones de Cuba SA (ETECSA) para silenciar a los periodistas independientes.<\/p>\n<p>Las manifestaciones recientes \u201cson un reflejo del cansancio de los cubanos por un Gobierno que se sigue creyendo propietario de la vida y el destino de sus ciudadanos\u201d, a\u00f1adi\u00f3 en el comunicado Carlos Jornet, presidente de la Comisi\u00f3n de Libertad de Prensa e Informaci\u00f3n de la SIP.<\/p>\n<p>\u201cEsperamos que el r\u00e9gimen no busque crear otra primavera negra\u201d, agreg\u00f3 Jornet al recordar la represi\u00f3n y la c\u00e1rcel que debieron pagar muchos cubanos, entre ellos varios comunicadores independientes, tras las protestas sociales en 2003. ( Fuente Agencia EFE)<\/p>\n","protected":false},"excerpt":{"rendered":"<p>julio 12, 2021. El presidente de la SIP exigi\u00f3 garant\u00edas para el trabajo de los comunicadores independientes. La Sociedad Interamericana<\/p>\n","protected":false},"author":1,"featured_media":0,"comment_status":"closed","ping_status":"closed","sticky":false,"template":"","format":"standard","meta":{"footnotes":""},"categories":[7],"tags":[103],"_links":{"self":[{"href":"https:\/\/www.ecuadoraldia.com.ec\/index.php?rest_route=\/wp\/v2\/posts\/18437"}],"collection":[{"href":"https:\/\/www.ecuadoraldia.com.ec\/index.php?rest_route=\/wp\/v2\/posts"}],"about":[{"href":"https:\/\/www.ecuadoraldia.com.ec\/index.php?rest_route=\/wp\/v2\/types\/post"}],"author":[{"embeddable":true,"href":"https:\/\/www.ecuadoraldia.com.ec\/index.php?rest_route=\/wp\/v2\/users\/1"}],"replies":[{"embeddable":true,"href":"https:\/\/www.ecuadoraldia.com.ec\/index.php?rest_route=%2Fwp%2Fv2%2Fcomments&post=18437"}],"version-history":[{"count":3,"href":"https:\/\/www.ecuadoraldia.com.ec\/index.php?rest_route=\/wp\/v2\/posts\/18437\/revisions"}],"predecessor-version":[{"id":18441,"href":"https:\/\/www.ecuadoraldia.com.ec\/index.php?rest_route=\/wp\/v2\/posts\/18437\/revisions\/18441"}],"wp:attachment":[{"href":"https:\/\/www.ecuadoraldia.com.ec\/index.php?rest_route=%2Fwp%2Fv2%2Fmedia&parent=18437"}],"wp:term":[{"taxonomy":"category","embeddable":true,"href":"https:\/\/www.ecuadoraldia.com.ec\/index.php?rest_route=%2Fwp%2Fv2%2Fcategories&post=18437"},{"taxonomy":"post_tag","embeddable":true,"href":"https:\/\/www.ecuadoraldia.com.ec\/index.php?rest_route=%2Fwp%2Fv2%2Ftags&post=18437"}],"curies":[{"name":"wp","href":"https:\/\/api.w.org\/{rel}","templated":true}]}}