{"id":18442,"date":"2021-07-12T18:31:51","date_gmt":"2021-07-12T23:31:51","guid":{"rendered":"http:\/\/www.ecuadoraldia.com.ec\/?p=18442"},"modified":"2021-07-13T22:05:11","modified_gmt":"2021-07-14T03:05:11","slug":"maestros-inciaron-huelga-de-hambre-en-defensa-de-la-ley-de-educacion","status":"publish","type":"post","link":"https:\/\/www.ecuadoraldia.com.ec\/?p=18442","title":{"rendered":"Docentes iniciaron huelga de hambre en defensa de la Ley de Educaci\u00f3n"},"content":{"rendered":"<figure id=\"attachment_18443\" aria-describedby=\"caption-attachment-18443\" style=\"width: 300px\" class=\"wp-caption alignleft\"><a href=\"http:\/\/www.ecuadoraldia.com.ec\/wp-content\/uploads\/2021\/07\/huelga-UNE.jpg\"><img loading=\"lazy\" decoding=\"async\" class=\"size-medium wp-image-18443\" src=\"http:\/\/www.ecuadoraldia.com.ec\/wp-content\/uploads\/2021\/07\/huelga-UNE-300x224.jpg\" alt=\"\" width=\"300\" height=\"224\" srcset=\"https:\/\/www.ecuadoraldia.com.ec\/wp-content\/uploads\/2021\/07\/huelga-UNE-300x224.jpg 300w, https:\/\/www.ecuadoraldia.com.ec\/wp-content\/uploads\/2021\/07\/huelga-UNE-768x575.jpg 768w, https:\/\/www.ecuadoraldia.com.ec\/wp-content\/uploads\/2021\/07\/huelga-UNE-1024x766.jpg 1024w, https:\/\/www.ecuadoraldia.com.ec\/wp-content\/uploads\/2021\/07\/huelga-UNE.jpg 1040w\" sizes=\"(max-width: 300px) 100vw, 300px\" \/><\/a><figcaption id=\"caption-attachment-18443\" class=\"wp-caption-text\">Maestros de Ecuador en huelga de hambre<\/figcaption><\/figure>\n<p>En cuatro ciudades del pa\u00eds, los docentes agrupados en la Uni\u00f3n Nacional de Educadores, UNE, iniciaron una huelga de hambre para demandar del gobierno que se aplique las reformas a la Ley de Educaci\u00f3n Intercultural-LOEI.<\/p>\n<p>En los alrededores de la Asamblea Nacional, en Quito, 12 miembros de la UNE iniciaron una huelga de hambre, a la que se sumaron docentes de Guayaquil, Cuenca y Portoviejo. La presidenta del gremio de maestros, Isabel Vargas\u00a0 indic\u00f3 que m\u00e1s ciudades se ir\u00e1n sumando y que de no haber una respuesta desde el Gobierno, habr\u00e1 un paro nacional de maestros el 16 de julio.<\/p>\n<p>Los educadores piden que se apliquen las reformas a la Ley Org\u00e1nica de Educaci\u00f3n Intercultural (LOEI) y el pago de sus compensaciones, donde se establece un salario b\u00e1sico del magisterio de $1.086 mensuales. Actualmente ganan $817.<\/p>\n<p>La ley deb\u00eda aplicarse desde este julio de 2021, pero la Corte Constitucional tramita una demanda de inconstitucionalidad sobre las reformas aprobadas en favor de los educadores. Adem\u00e1s, Vargas indic\u00f3 que mantuvieron un di\u00e1logo con la Secretar\u00eda Jur\u00eddica de la Presidencia de la Rep\u00fablica, en el que se les hizo saber que el Gobierno est\u00e1 a favor de la declaratoria de inconstitucionalidad.<\/p>\n<p>La LOEI fue aprobada por la Asamblea Nacional y fue publicada el 19 de abril de 2021 en el Registro Oficial 434.<\/p>\n<p>Vargas sostiene que adem\u00e1s del aumento salarial, la Ley beneficia a los estudiantes pues establece lineamientos para prevenir delitos sexuales en las aulas, as\u00ed como sanciones \u201cpara los depredadores\u201d. Otro punto es que obliga a las escuelas a retomar los departamentos de consejer\u00eda estudiantil.<\/p>\n<p>El ex ministro de finanzas del gobierno de Len\u00edn Moreno, Mauricio Pozo, destac\u00f3 que la Ley es inviable pero representan $3.000 millones de egreso para el Estado en pagos salariales para los maestros. Pozo plante\u00f3 que para alcanzar ese rubro se tendr\u00eda que acudir a medidas como el alza del IVA, de 12 a 15%.<\/p>\n<p>Adem\u00e1s, se\u00f1al\u00f3 que s\u00f3lo el Ejecutivo puede promulgar normas que requieran del financiamiento p\u00fablico y no la Asamblea.<\/p>\n<p>Esta es una herencia que asume Guillermo Lasso, qui\u00e9n asumi\u00f3 el poder en Ecuador el 24 de mayo de 2021.<br \/>\nLa Corte Constitucional tiene en sus manos resolver la demanda de inconstitucionalidad a dicho cuerpo legal.<\/p>\n<p>Pero los maestros tambi\u00e9n reclaman, el pago de haberes por concepto de jubilaci\u00f3n, eliminaci\u00f3n de partidas, entre otros pendientes.<\/p>\n<p>Por otro lada la presidenta de la UNE, Isabel Vargas dijo que hay un d\u00e9ficit de docentes en el pa\u00eds y se requieren 70 000 maestros, a parte de los 160 000, para cumplir con los objetivos de los establecimientos de una educaci\u00f3n de calidad.<\/p>\n<p>La pandemia de la covid 19, deja una deserci\u00f3n de 560 000 estudiantes fuera del sistema educativo, por falta de conectividad a internet, particularmente en sectores rurales. (RM)<\/p>\n","protected":false},"excerpt":{"rendered":"<p>En cuatro ciudades del pa\u00eds, los docentes agrupados en la Uni\u00f3n Nacional de Educadores, UNE, iniciaron una huelga de hambre<\/p>\n","protected":false},"author":1,"featured_media":0,"comment_status":"closed","ping_status":"closed","sticky":false,"template":"","format":"standard","meta":{"footnotes":""},"categories":[11,1],"tags":[],"_links":{"self":[{"href":"https:\/\/www.ecuadoraldia.com.ec\/index.php?rest_route=\/wp\/v2\/posts\/18442"}],"collection":[{"href":"https:\/\/www.ecuadoraldia.com.ec\/index.php?rest_route=\/wp\/v2\/posts"}],"about":[{"href":"https:\/\/www.ecuadoraldia.com.ec\/index.php?rest_route=\/wp\/v2\/types\/post"}],"author":[{"embeddable":true,"href":"https:\/\/www.ecuadoraldia.com.ec\/index.php?rest_route=\/wp\/v2\/users\/1"}],"replies":[{"embeddable":true,"href":"https:\/\/www.ecuadoraldia.com.ec\/index.php?rest_route=%2Fwp%2Fv2%2Fcomments&post=18442"}],"version-history":[{"count":6,"href":"https:\/\/www.ecuadoraldia.com.ec\/index.php?rest_route=\/wp\/v2\/posts\/18442\/revisions"}],"predecessor-version":[{"id":18477,"href":"https:\/\/www.ecuadoraldia.com.ec\/index.php?rest_route=\/wp\/v2\/posts\/18442\/revisions\/18477"}],"wp:attachment":[{"href":"https:\/\/www.ecuadoraldia.com.ec\/index.php?rest_route=%2Fwp%2Fv2%2Fmedia&parent=18442"}],"wp:term":[{"taxonomy":"category","embeddable":true,"href":"https:\/\/www.ecuadoraldia.com.ec\/index.php?rest_route=%2Fwp%2Fv2%2Fcategories&post=18442"},{"taxonomy":"post_tag","embeddable":true,"href":"https:\/\/www.ecuadoraldia.com.ec\/index.php?rest_route=%2Fwp%2Fv2%2Ftags&post=18442"}],"curies":[{"name":"wp","href":"https:\/\/api.w.org\/{rel}","templated":true}]}}