{"id":18455,"date":"2021-07-12T21:47:01","date_gmt":"2021-07-13T02:47:01","guid":{"rendered":"http:\/\/www.ecuadoraldia.com.ec\/?p=18455"},"modified":"2021-07-12T21:47:34","modified_gmt":"2021-07-13T02:47:34","slug":"discrepancias-en-la-asamblea-por-autoregulacion-de-medios","status":"publish","type":"post","link":"https:\/\/www.ecuadoraldia.com.ec\/?p=18455","title":{"rendered":"Discrepancias en la Asamblea por autoregulaci\u00f3n de medios"},"content":{"rendered":"<p><a href=\"http:\/\/www.ecuadoraldia.com.ec\/wp-content\/uploads\/2021\/07\/ley-comunic.png\"><img loading=\"lazy\" decoding=\"async\" class=\"size-medium wp-image-18456 aligncenter\" src=\"http:\/\/www.ecuadoraldia.com.ec\/wp-content\/uploads\/2021\/07\/ley-comunic-300x147.png\" alt=\"\" width=\"300\" height=\"147\" srcset=\"https:\/\/www.ecuadoraldia.com.ec\/wp-content\/uploads\/2021\/07\/ley-comunic-300x147.png 300w, https:\/\/www.ecuadoraldia.com.ec\/wp-content\/uploads\/2021\/07\/ley-comunic.png 603w\" sizes=\"(max-width: 300px) 100vw, 300px\" \/><\/a><\/p>\n<p>Quito, lunes 12 de julio de 2021. La Comisi\u00f3n de Relaciones Internacionales y Movilidad Humana se reuni\u00f3 esta ma\u00f1ana, con el fin de avocar conocimiento del proyecto de Ley de Libre Expresi\u00f3n y Comunicaci\u00f3n, remitido a la Asamblea Nacional por el presidente de la Rep\u00fablica, Guillermo Lasso, el pasado 25 de mayo.<\/p>\n<p>La mesa recibi\u00f3 a Eduardo Bonilla, secretario General de Comunicaci\u00f3n de la Presidencia de la Rep\u00fablica para que explique el contenido del documento. Al iniciar su intervenci\u00f3n indic\u00f3 que la norma busca garantizar la libertad de expresi\u00f3n promoviendo la autorregulaci\u00f3n.<\/p>\n<p>Remarc\u00f3 que el proyecto est\u00e1 dividido en tres cap\u00edtulos. En el primero trata sobre la libertad de expresi\u00f3n, con enfoque de protecci\u00f3n y garant\u00eda. Resalt\u00f3 que el ejercicio de la actividad period\u00edstica y de comunicaci\u00f3n debe regirse por est\u00e1ndares \u00e9ticos y de autorregulaci\u00f3n, en ning\u00fan caso por est\u00e1ndares impuestos por el Estado. Sostuvo que la libertad no es sin\u00f3nimo de libertinaje y va anclada a una responsabilidad.<\/p>\n<p>En el Cap\u00edtulo 2 se establecen los mecanismos para garantizar el derecho de la libre expresi\u00f3n sustentado en tres pilares: autorregulaci\u00f3n sin censura previa, derecho a la r\u00e9plica y copias de programas o impresos. Apunt\u00f3 que si bien no hay censura previa s\u00ed hay responsabilidad ulterior, a la vez que dijo que existen todos los mecanismos de reclamo v\u00eda civil. Se\u00f1al\u00f3, adem\u00e1s, que la normativa no obliga a la rectificaci\u00f3n de opiniones.<\/p>\n<p>El Cap\u00edtulo 3 tiene relaci\u00f3n a est\u00e1ndares internacionales de derechos humanos para protecci\u00f3n a periodistas y comunicadores, como la cl\u00e1usula de conciencia, reserva de la fuente, secreto profesional y libre ejercicio de comunicaci\u00f3n.<\/p>\n<p>En cuanto a las disposiciones reformatorias sostuvo que es necesario cambiar el nombre de Ley Org\u00e1nica de Comunicaci\u00f3n por Ley de Publicidad, Producci\u00f3n Nacional y Espectro Radioel\u00e9ctrico. Tambi\u00e9n sugiri\u00f3 derogar desde el art\u00edculo 1 hasta el 91.4 y desde el art\u00edculo 104 al 119 de la Ley de Comunicaci\u00f3n, as\u00ed como el art\u00edculo 182 del C\u00f3digo Org\u00e1nico Integral Penal<\/p>\n<p>Al culminar la exposici\u00f3n del proyecto remarc\u00f3 que la propuesta busca poner fin a una etapa de persecuci\u00f3n. A\u00f1adi\u00f3 que es peligroso que un gobierno utilice el control y sanci\u00f3n de la prensa y periodistas para imponer una sola verdad oficial. La libertad de expresi\u00f3n es un derecho que debe ser garantizado por el Estado, opin\u00f3.<\/p>\n<p>Interrogantes<\/p>\n<p>La asamble\u00edsta Marjorie Ch\u00e1vez indic\u00f3 que el Estado debe garantizar el ejercicio de la libertad de expresi\u00f3n. Durante su intervenci\u00f3n pregunt\u00f3 por qu\u00e9 se eliminar\u00e1 el Consejo de Comunicaci\u00f3n creado en consulta popular y por qu\u00e9 no se contempl\u00f3 la venta de medios incautados.<\/p>\n<p>De su parte, el asamble\u00edsta \u00c1ngel Maita remarc\u00f3 que el periodismo no se puede sustentar en opiniones, sino en evidencias y realidad. Por lo tanto, consider\u00f3 que s\u00ed es necesario un ente regulador. Apunt\u00f3 que es necesario analizar esta propuesta que deja de lado a los medios comunitarios y alternativos, pues no se puede permitir que los grandes medios manipulen la informaci\u00f3n, a\u00f1adi\u00f3.<\/p>\n<p>Mientras que la legisladora Jessica Castillo se\u00f1al\u00f3 que esta norma deja de lado varios art\u00edculos que protegen derechos legales y constitucionales como las garant\u00edas de ni\u00f1os, ni\u00f1as y adolescentes, as\u00ed como de pueblos y nacionalidades.<\/p>\n<p>El secretario de Comunicaci\u00f3n indic\u00f3 que lo m\u00e1s potente de esta ley es reforzar la libertad de expresi\u00f3n con responsabilidad. As\u00ed tambi\u00e9n indic\u00f3 que los medios comunitarios se mantienen en la ley. Indic\u00f3 que en esta nueva normativa ya no se trata a los ciudadanos ni a los medios como ni\u00f1os, y no es necesario que exista un \u201cpap\u00e1 curador\u201d de la informaci\u00f3n para que cuando haya una disputa se tenga que acudir a preguntar a un tercero, en referencia al Consejo.<\/p>\n<p>Sobre la venta de los medios incautados remarc\u00f3 que estos tienen problemas laborales, balances incompletos o medidas cautelares, por lo que se necesita poner en orden las empresas. La decisi\u00f3n pol\u00edtica es venderlos, opin\u00f3.<\/p>\n<p>Roberto Andrade, asesor de la Presidencia de la Rep\u00fablica, mencion\u00f3 que la nueva norma pretende un enfoque civil restaurativo y de derechos humanos acudiendo a la m\u00ednima intervenci\u00f3n penal.<\/p>\n<p>En otras intervenciones, el parlamentario Fernando Cede\u00f1o indic\u00f3 que la falta de contrastaci\u00f3n de informaci\u00f3n es grave para la democracia en cualquier Estado. Adem\u00e1s, remarc\u00f3 que es necesario un ente regulador. La asamble\u00edsta Marcela Holgu\u00edn pregunt\u00f3 por qu\u00e9 no hubo participaci\u00f3n de los trabajadores para hacer este nuevo proyecto, por qu\u00e9 se eliminan garant\u00edas de los trabajadores de comunicaci\u00f3n, entre otros aspectos.<\/p>\n<p>As\u00ed mismo, la legisladora M\u00f3nica Palacios pidi\u00f3 al Secretario de Comunicaci\u00f3n que explique c\u00f3mo se pretende garantizar la responsabilidad ulterior y qu\u00e9 tratamiento le dar\u00e1 la ley al linchamiento medi\u00e1tico, mientras que la asamble\u00edsta Raisa Corral indag\u00f3 sobre qu\u00e9 pasar\u00e1 con el derecho a la r\u00e9plica.<\/p>\n<p>El secretario de Estado insisti\u00f3 en que la autorregulaci\u00f3n tiene mayores mecanismos y m\u00e1s efectivos para garantizar el derecho a la comunicaci\u00f3n y la informaci\u00f3n. As\u00ed mismo, hizo \u00e9nfasis en el derecho a la libertad de prensa, la multiplicidad de voces y el acceso a la informaci\u00f3n contrastada. Remarc\u00f3 que la norma si contempla espacio para el derecho a la r\u00e9plica. (AN)<\/p>\n","protected":false},"excerpt":{"rendered":"<p>Quito, lunes 12 de julio de 2021. La Comisi\u00f3n de Relaciones Internacionales y Movilidad Humana se reuni\u00f3 esta ma\u00f1ana, con<\/p>\n","protected":false},"author":1,"featured_media":0,"comment_status":"closed","ping_status":"closed","sticky":false,"template":"","format":"standard","meta":{"footnotes":""},"categories":[3],"tags":[],"_links":{"self":[{"href":"https:\/\/www.ecuadoraldia.com.ec\/index.php?rest_route=\/wp\/v2\/posts\/18455"}],"collection":[{"href":"https:\/\/www.ecuadoraldia.com.ec\/index.php?rest_route=\/wp\/v2\/posts"}],"about":[{"href":"https:\/\/www.ecuadoraldia.com.ec\/index.php?rest_route=\/wp\/v2\/types\/post"}],"author":[{"embeddable":true,"href":"https:\/\/www.ecuadoraldia.com.ec\/index.php?rest_route=\/wp\/v2\/users\/1"}],"replies":[{"embeddable":true,"href":"https:\/\/www.ecuadoraldia.com.ec\/index.php?rest_route=%2Fwp%2Fv2%2Fcomments&post=18455"}],"version-history":[{"count":2,"href":"https:\/\/www.ecuadoraldia.com.ec\/index.php?rest_route=\/wp\/v2\/posts\/18455\/revisions"}],"predecessor-version":[{"id":18458,"href":"https:\/\/www.ecuadoraldia.com.ec\/index.php?rest_route=\/wp\/v2\/posts\/18455\/revisions\/18458"}],"wp:attachment":[{"href":"https:\/\/www.ecuadoraldia.com.ec\/index.php?rest_route=%2Fwp%2Fv2%2Fmedia&parent=18455"}],"wp:term":[{"taxonomy":"category","embeddable":true,"href":"https:\/\/www.ecuadoraldia.com.ec\/index.php?rest_route=%2Fwp%2Fv2%2Fcategories&post=18455"},{"taxonomy":"post_tag","embeddable":true,"href":"https:\/\/www.ecuadoraldia.com.ec\/index.php?rest_route=%2Fwp%2Fv2%2Ftags&post=18455"}],"curies":[{"name":"wp","href":"https:\/\/api.w.org\/{rel}","templated":true}]}}